{"id":9019,"date":"2024-08-02T19:47:36","date_gmt":"2024-08-02T19:47:36","guid":{"rendered":"https:\/\/nunoa.cl\/nunoapatrimonial\/?p=9019"},"modified":"2024-12-10T11:39:49","modified_gmt":"2024-12-10T11:39:49","slug":"trujillo","status":"publish","type":"post","link":"https:\/\/nunoa.cl\/nunoapatrimonial\/trujillo\/","title":{"rendered":"Valent\u00edn Trujillo S\u00e1nchez"},"content":{"rendered":"\t\t<div data-elementor-type=\"wp-post\" data-elementor-id=\"9019\" class=\"elementor elementor-9019\">\n\t\t\t\t\t\t<section class=\"elementor-section elementor-top-section elementor-element elementor-element-cb24b0 elementor-section-boxed elementor-section-height-default elementor-section-height-default wpr-particle-no wpr-jarallax-no wpr-parallax-no wpr-sticky-section-no\" data-id=\"cb24b0\" data-element_type=\"section\" data-e-type=\"section\">\n\t\t\t\t\t\t<div class=\"elementor-container elementor-column-gap-default\">\n\t\t\t\t\t<div class=\"elementor-column elementor-col-100 elementor-top-column elementor-element elementor-element-6b0e4d7f\" data-id=\"6b0e4d7f\" data-element_type=\"column\" data-e-type=\"column\">\n\t\t\t<div class=\"elementor-widget-wrap elementor-element-populated\">\n\t\t\t\t\t\t<div class=\"elementor-element elementor-element-709af298 animated-slow elementor-invisible elementor-widget elementor-widget-heading\" data-id=\"709af298\" data-element_type=\"widget\" data-e-type=\"widget\" data-settings=\"{&quot;_animation&quot;:&quot;fadeInUp&quot;,&quot;_animation_delay&quot;:100}\" data-widget_type=\"heading.default\">\n\t\t\t\t<div class=\"elementor-widget-container\">\n\t\t\t\t\t<h1 class=\"elementor-heading-title elementor-size-default\">\n<\/h1>\t\t\t\t<\/div>\n\t\t\t\t<\/div>\n\t\t\t\t<div class=\"elementor-element elementor-element-5438ce5b animated-slow elementor-invisible elementor-widget elementor-widget-heading\" data-id=\"5438ce5b\" data-element_type=\"widget\" data-e-type=\"widget\" data-settings=\"{&quot;_animation&quot;:&quot;fadeInUp&quot;}\" data-widget_type=\"heading.default\">\n\t\t\t\t<div class=\"elementor-widget-container\">\n\t\t\t\t\t<h2 class=\"elementor-heading-title elementor-size-default\">T\u00edo Valent\u00edn<\/h2>\t\t\t\t<\/div>\n\t\t\t\t<\/div>\n\t\t\t\t\t<\/div>\n\t\t<\/div>\n\t\t\t\t\t<\/div>\n\t\t<\/section>\n\t\t\t\t<section class=\"elementor-section elementor-top-section elementor-element elementor-element-14080575 scrollRaul elementor-section-boxed elementor-section-height-default elementor-section-height-default wpr-particle-no wpr-jarallax-no wpr-parallax-no wpr-sticky-section-no\" data-id=\"14080575\" data-element_type=\"section\" data-e-type=\"section\">\n\t\t\t\t\t\t<div class=\"elementor-container elementor-column-gap-default\">\n\t\t\t\t\t<div class=\"elementor-column elementor-col-100 elementor-top-column elementor-element elementor-element-f33f55b\" data-id=\"f33f55b\" data-element_type=\"column\" data-e-type=\"column\">\n\t\t\t<div class=\"elementor-widget-wrap elementor-element-populated\">\n\t\t\t\t\t\t<section class=\"elementor-section elementor-inner-section elementor-element elementor-element-266bf1d6 elementor-section-content-middle elementor-section-boxed elementor-section-height-default elementor-section-height-default wpr-particle-no wpr-jarallax-no wpr-parallax-no wpr-sticky-section-no\" data-id=\"266bf1d6\" data-element_type=\"section\" data-e-type=\"section\">\n\t\t\t\t\t\t<div class=\"elementor-container elementor-column-gap-extended\">\n\t\t\t\t\t<div class=\"elementor-column elementor-col-100 elementor-inner-column elementor-element elementor-element-3591077d\" data-id=\"3591077d\" data-element_type=\"column\" data-e-type=\"column\">\n\t\t\t<div class=\"elementor-widget-wrap elementor-element-populated\">\n\t\t\t\t\t\t<div class=\"elementor-element elementor-element-54da0771 elementor-widget elementor-widget-testimonial\" data-id=\"54da0771\" data-element_type=\"widget\" data-e-type=\"widget\" data-widget_type=\"testimonial.default\">\n\t\t\t\t<div class=\"elementor-widget-container\">\n\t\t\t\t\t\t\t<div class=\"elementor-testimonial-wrapper\">\n\t\t\t\t\t\t\t<div class=\"elementor-testimonial-content\"><p style=\"text-align:justify\">Aunque la familia Trujillo-S\u00e1nchez creci\u00f3 en un ambiente sencillo (el padre era minero y la madre, profesora b\u00e1sica), se las arregl\u00f3 para tener en el medio del living un buen piano de cola. La se\u00f1ora Clementina S\u00e1nchez cre\u00eda que \u00abcuando entra un piano a la casa, entra la cultura\u00bb. De sus cinco hijos, el que mejor prob\u00f3 esa filosof\u00eda fue Valent\u00edn, quien comenz\u00f3 a tocarlo espont\u00e1neamente a los cuatro a\u00f1os de edad, sin ning\u00fan tipo de instrucci\u00f3n previa.<\/p>\n\n<p style=\"text-align:justify\">A los siete a\u00f1os comenz\u00f3 con clases de m\u00fasica, armon\u00eda y composici\u00f3n en el Conservatorio Nacional; en las que persisti\u00f3 durante doce a\u00f1os. Su profesora se jactaba de su aventajado alumno ante ejecutivos de radio, y as\u00ed fue que comenzaron a llamarlo de algunas emisoras para acompa\u00f1ar espect\u00e1culos en vivo. \u00abTen\u00eda nueve a\u00f1os cuando entr\u00e9 a la radio del Pac\u00edfico para hablar con Armando Carrera. Le dije: \u201cMaestro, soy pianista y toco un vals suyo\u201d. Cuando le hice la demostraci\u00f3n de \u201cAntofagasta\u201d, le cambi\u00f3 la cara\u00bb, dir\u00eda en una entrevista.<\/p>\n\n<p style=\"text-align:justify\">Estos encargos radiales eran trabajos significativos, pero en extremo precoces, considerando que entonces Trujillo era a\u00fan estudiante de primaria en el Liceo Valent\u00edn Letelier. \u00abMe falt\u00f3 tal vez la vida adolescente, porque al trabajar, entre estudios, giras y ensayos, hice una vida de adulto\u00bb, contar\u00eda despu\u00e9s. A la larga, su paso por radios incluir\u00eda espacios en Cooperativa, Corporaci\u00f3n (\u201cBusco talentos\u201d, de 1957 a 1964) y Portales (\u201cConversando la m\u00fasica\u201d), entre otras. El repertorio popular fue una derivaci\u00f3n natural, que marcar\u00eda para siempre su estilo y su impronta. Y el trabajo precoz, la confirmaci\u00f3n de una vocaci\u00f3n sin espacio a dudas. \u00abCuando mis compa\u00f1eros se preparaban para el bachillerato, a m\u00ed me preguntaban qu\u00e9 iba a hacer. \u201cM\u00fasico\u201d, les dec\u00eda. De alg\u00fan modo, ya lo era\u00bb.<\/p>\n\n<p style=\"text-align:justify\">Pas\u00f3 su adolescencia como integrante de orquestas y grupos musicales (el Conjunto de Isidro Ben\u00edtez, la Agrupaci\u00f3n de Don Roy, la Agrupaci\u00f3n de Vicente Bianchi, el Cuarteto de Jamaica, Los Cuatro Duendes, el Conjunto South Pacific y la Orquesta Be-Bop), con los cuales fue n\u00famero fijo de salones de importantes hoteles, y lleg\u00f3 incluso a dar giras por Chile y el extranjero. A los 26 a\u00f1os ya ten\u00eda su primera orquesta. En 1955 grab\u00f3 en Ode\u00f3n su primer solo de piano (para un disco del trompetista hot jazz Luis \u201cHuaso\u201d Ar\u00e1nguiz), y qued\u00f3 contratado como arreglador y director orquestal oficial de esa casa disquera, labor que realiz\u00f3 en paralelo a sus propias grabaciones y a los m\u00e1s de veinte registros firmados junto a su hermano Fernando Trujillo, popular cantante de rancheras.<\/p>\n\n<p style=\"text-align:justify\">A principio de los a\u00f1os 1960 se desempe\u00f1\u00f3 como profesor de m\u00fasica en el Instituto Superior de Comercio (INSUCO2) de Santiago. Ejerci\u00f3 como profesor de m\u00fasica en distintos liceos de Santiago, como el Instituto Superior de Comercio, el Instituto Comercial n\u00b0 2 de Santiago y el Liceo Valent\u00edn Letelier. En 1960 recibi\u00f3 el premio al \u00abMejor director de Orquesta Acompa\u00f1ante\u00bb. En 1964 particip\u00f3 de la grabaci\u00f3n de la versi\u00f3n en espa\u00f1ol de la canci\u00f3n Nathalie, junto a los Hermanos Arriagada, que se convirti\u00f3 en \u00e9xito en Am\u00e9rica Latina.<\/p>\n\n<p style=\"text-align:justify\">Hasta 1973, la actividad musical de Valent\u00edn Trujillo fue agitada y brillante, con m\u00faltiples registros para boleristas, nuevaoleros y m\u00fasicos tropicales y de folclor. Nosotros (1961), de Los Huasos Quincheros, y la trilog\u00eda inicial de Cecilia (1964-1970) son algunas de sus grabaciones m\u00e1s prestigiosas, trabajadas en paralelo a sus propios discos instrumentales, el primero de los cuales, Un piano con alma, se edit\u00f3 en 1958.<\/p>\n\n<p style=\"text-align:justify\">Pero, como a tantos m\u00fasicos, el Golpe de Estado le acarre\u00f3 una injusta interrupci\u00f3n de su ritmo y estabilidad laborales. Sus conocidas simpat\u00edas de izquierda y una activa labor sindical le costaron una serie de amedrentamientos que incluso alcanz\u00f3 a su familia. Fue la televisi\u00f3n, y espec\u00edficamente su labor en \u201cS\u00e1bados Gigantes\u201d, lo que lo salv\u00f3 de la cesant\u00eda. A\u00f1os m\u00e1s tarde, en 1988, fue el \u00fanico m\u00fasico de televisi\u00f3n que particip\u00f3 a cara descubierta en la franja del NO para el plebiscito.<\/p>\n\n<p style=\"text-align:justify\">Valent\u00edn Trujillo se hab\u00eda sumado por primera vez al equipo de trabajo del canal televisivo de la Universidad Cat\u00f3lica en 1963 cuando comenz\u00f3 con encargos para la direcci\u00f3n de orquesta de programas como \"Eureka\", \"Canturreando\" y, m\u00e1s adelante, \"S\u00e1bados Gigantes\". Su extraordinaria capacidad para improvisar y dramatizar historias, y su prodigiosa memoria auditiva, lo llevaron al programa infantil \u201cPin Pon\u201d en 1965, espacio en el que el actor Jorge Guerra cre\u00f3 su personaje Pin Pon. Durante todo su primer per\u00edodo de trabajo televisivo, el pianista no abandon\u00f3 sus clases de m\u00fasica en escuelas p\u00fablicas, las que mantuvo durante veintisiete a\u00f1os.<\/p>\n<p style=\"text-align:justify\">Su alianza con Don Francisco le ha dado fama y trasversal reconocimiento. Trujillo supo r\u00e1pidamente que sobre el set deb\u00eda combinar el despliegue de su t\u00e9cnica con las se\u00f1as justas de humor y asertividad que exige un programa de entretenci\u00f3n. En un discreto segundo plano, su presencia se hizo tan familiar para los televidentes que resulta casi impensable imaginar al programa con otro hombre frente el piano. Entre 1986 y el a\u00f1o 2005, Trujillo fue tambi\u00e9n una importaci\u00f3n chilena estrella de la versi\u00f3n estadounidense del programa, lo cual lo oblig\u00f3 a establecer residencia en Miami, interrumpida solo por los problemas derivados de un c\u00e1ncer.<\/p>\n<p style=\"text-align:justify\">Tambi\u00e9n ha sido significativa la labor de Trujillo festivales, tanto como director de orquesta como en silenciosas postulaciones como compositor. Entre las incursiones m\u00e1s exitosas estuvo la que en 1981 realiz\u00f3 junto al conjunto Santiago Cuatro, para quienes realiz\u00f3 los arreglos orquestales del premiado tema \u201cAy, Fernanda\u201d. En la versi\u00f3n 1985 de ese mismo certamen, su composici\u00f3n \u201cCon algo de menos, con algo de m\u00e1s\u201d (con voz de Miguel Esper) recibi\u00f3 el segundo lugar del jurado; y en 1998 qued\u00f3 como finalista del g\u00e9nero folcl\u00f3rico \u201cUna cueca bien toc\u00e1, cant\u00e1, bail\u00e1 y bien zapate\u00e1\u201d, en voz de Claudio Gonz\u00e1lez. Al a\u00f1o siguiente, ese mismo cantante se qued\u00f3 con el premio a la Mejor Interpretaci\u00f3n gracias a \u201cLa mansa fiesta\u201d, una canci\u00f3n compuesta entre Trujillo y \u00d3scar C\u00e1ceres.<\/p>\n\n<p style=\"text-align:justify\">En diversos momentos, el m\u00fasico ha participado en los montajes de obras y comedias musicales tales como Historia de una canci\u00f3n, Los siete espejos y La P\u00e9rgola de las flores. Con el compositor musical de esta \u00faltima, la m\u00e1s cl\u00e1sica, trab\u00f3 una estrecha amistad. Trujillo ha definido a Francisco Flores del Campo como \u00abel m\u00e1s completo de todos los compositores de Chile\u00bb. Es suyo el piano Ibach que Trujillo ha mantenido en su casa de \u00d1u\u00f1oa. Flores del Campo tambi\u00e9n le leg\u00f3 su colecci\u00f3n de discos y un consejo: \u00abHacerse amigo de los m\u00e1s j\u00f3venes; para dejar un recuerdo, para que no te olviden\u00bb. <\/p>\n<p style=\"text-align:justify\">En 2013 la editorial Catalonia public\u00f3 una biograf\u00eda titulada Valent\u00edn Trujillo. Una vida en la m\u00fasica, escrita por Dar\u00edo Oses. En abril de 2016, fue condecorado con la Orden al M\u00e9rito Art\u00edstico y Cultural Pablo Neruda. En mayo de ese a\u00f1o fue nombrado Hijo Ilustre de la ciudad de Santiago, y en septiembre, la zona ubicada al norte del edificio consistorial de \u00d1u\u00f1oa (comuna donde reside), pasa a recibir el nombre de Plaza de las Artes, pianista Valent\u00edn Trujillo. El 4 de julio de 2022 particip\u00f3 interpretando el Himno Nacional de Chile en la ceremonia de clausura de la Convenci\u00f3n Constitucional, en la que se entreg\u00f3 el texto de la propuesta constitucional al presidente Gabriel Boric. En agosto de 2023, fue distinguido con la Orden al M\u00e9rito Docente y Cultural Gabriela Mistral, en el grado de Comendador. \n <\/p><p style=\"text-align:justify\">En 2023, a sus 90 a\u00f1os, sigue demostrando su inconfundible estilo y maestr\u00eda frente al piano. En septiembre de 2023, interpret\u00f3 el himno nacional en piano en acto de los 50 a\u00f1os del Golpe de Estado en Chile y tambi\u00e9n recibi\u00f3 un el premio a la Persona Mayor Destacada por la Sociedad de Geriatr\u00eda y Gerontolog\u00eda de Chile. <\/p>\n<\/div>\n\t\t\t\n\t\t\t\t\t\t<div class=\"elementor-testimonial-meta elementor-has-image elementor-testimonial-image-position-aside\">\n\t\t\t\t<div class=\"elementor-testimonial-meta-inner\">\n\t\t\t\t\t\t\t\t\t\t\t<div class=\"elementor-testimonial-image\">\n\t\t\t\t\t\t\t<img decoding=\"async\" width=\"150\" height=\"150\" src=\"https:\/\/nunoa.cl\/nunoapatrimonial\/wp-content\/uploads\/2024\/08\/trujillo-150x150.jpg\" class=\"attachment-thumbnail size-thumbnail wp-image-9020\" alt=\"\" srcset=\"https:\/\/nunoa.cl\/nunoapatrimonial\/wp-content\/uploads\/2024\/08\/trujillo-150x150.jpg 150w, https:\/\/nunoa.cl\/nunoapatrimonial\/wp-content\/uploads\/2024\/08\/trujillo-80x80.jpg 80w\" sizes=\"(max-width: 150px) 100vw, 150px\" \/>\t\t\t\t\t\t<\/div>\n\t\t\t\t\t\n\t\t\t\t\t\t\t\t\t\t<div class=\"elementor-testimonial-details\">\n\t\t\t\t\t\t\t\t\t\t\t\t\t\t<div class=\"elementor-testimonial-name\">Jos\u00e9 Balmes Parram\u00f3n<\/div>\n\t\t\t\t\t\t\t\t\t\t\t\t\t\t\t\t\t\t\t\t\t\t<div class=\"elementor-testimonial-job\">Pintor y artista.<\/div>\n\t\t\t\t\t\t\t\t\t\t\t\t\t<\/div>\n\t\t\t\t\t\t\t\t\t<\/div>\n\t\t\t<\/div>\n\t\t\t\t\t<\/div>\n\t\t\t\t\t\t<\/div>\n\t\t\t\t<\/div>\n\t\t\t\t\t<\/div>\n\t\t<\/div>\n\t\t\t\t\t<\/div>\n\t\t<\/section>\n\t\t\t\t\t<\/div>\n\t\t<\/div>\n\t\t\t\t\t<\/div>\n\t\t<\/section>\n\t\t\t\t<\/div>\n\t\t","protected":false},"excerpt":{"rendered":"<p>T\u00edo Valent\u00edn Aunque la familia Trujillo-S\u00e1nchez creci\u00f3 en un ambiente sencillo (el padre era minero y la madre, profesora b\u00e1sica), se las arregl\u00f3 para tener en el medio del living un buen piano de cola. La se\u00f1ora Clementina S\u00e1nchez cre\u00eda que \u00abcuando entra un piano a la casa, entra la cultura\u00bb. De sus cinco hijos, el que mejor prob\u00f3 esa filosof\u00eda fue Valent\u00edn, quien comenz\u00f3 a tocarlo espont\u00e1neamente a los cuatro a\u00f1os de edad, sin ning\u00fan tipo de instrucci\u00f3n previa. A los siete a\u00f1os comenz\u00f3 con clases de m\u00fasica, armon\u00eda y composici\u00f3n en el Conservatorio Nacional; en las que persisti\u00f3 durante doce a\u00f1os. Su profesora se jactaba de su aventajado alumno ante ejecutivos de radio, y as\u00ed fue que comenzaron a llamarlo de algunas emisoras para acompa\u00f1ar espect\u00e1culos en vivo. \u00abTen\u00eda nueve a\u00f1os cuando entr\u00e9 a la radio del Pac\u00edfico para hablar con Armando Carrera. Le dije: \u201cMaestro, soy pianista y toco un vals suyo\u201d. Cuando le hice la demostraci\u00f3n de \u201cAntofagasta\u201d, le cambi\u00f3 la cara\u00bb, dir\u00eda en una entrevista. Estos encargos radiales eran trabajos significativos, pero en extremo precoces, considerando que entonces Trujillo era a\u00fan estudiante de primaria en el Liceo Valent\u00edn Letelier. \u00abMe falt\u00f3 tal vez la vida adolescente, porque al trabajar, entre estudios, giras y ensayos, hice una vida de adulto\u00bb, contar\u00eda despu\u00e9s. A la larga, su paso por radios incluir\u00eda espacios en Cooperativa, Corporaci\u00f3n (\u201cBusco talentos\u201d, de 1957 a 1964) y Portales (\u201cConversando la m\u00fasica\u201d), entre otras. El repertorio popular fue una derivaci\u00f3n natural, que marcar\u00eda para siempre su estilo y su impronta. Y el trabajo precoz, la confirmaci\u00f3n de una vocaci\u00f3n sin espacio a dudas. \u00abCuando mis compa\u00f1eros se preparaban para el bachillerato, a m\u00ed me preguntaban qu\u00e9 iba a hacer. \u201cM\u00fasico\u201d, les dec\u00eda. De alg\u00fan modo, ya lo era\u00bb. Pas\u00f3 su adolescencia como integrante de orquestas y grupos musicales (el Conjunto de Isidro Ben\u00edtez, la Agrupaci\u00f3n de Don Roy, la Agrupaci\u00f3n de Vicente Bianchi, el Cuarteto de Jamaica, Los Cuatro Duendes, el Conjunto South Pacific y la Orquesta Be-Bop), con los cuales fue n\u00famero fijo de salones de importantes hoteles, y lleg\u00f3 incluso a dar giras por Chile y el extranjero. A los 26 a\u00f1os ya ten\u00eda su primera orquesta. En 1955 grab\u00f3 en Ode\u00f3n su primer solo de piano (para un disco del trompetista hot jazz Luis \u201cHuaso\u201d Ar\u00e1nguiz), y qued\u00f3 contratado como arreglador y director orquestal oficial de esa casa disquera, labor que realiz\u00f3 en paralelo a sus propias grabaciones y a los m\u00e1s de veinte registros firmados junto a su hermano Fernando Trujillo, popular cantante de rancheras. A principio de los a\u00f1os 1960 se desempe\u00f1\u00f3 como profesor de m\u00fasica en el Instituto Superior de Comercio (INSUCO2) de Santiago. Ejerci\u00f3 como profesor de m\u00fasica en distintos liceos de Santiago, como el Instituto Superior de Comercio, el Instituto Comercial n\u00b0 2 de Santiago y el Liceo Valent\u00edn Letelier. En 1960 recibi\u00f3 el premio al \u00abMejor director de Orquesta Acompa\u00f1ante\u00bb. En 1964 particip\u00f3 de la grabaci\u00f3n de la versi\u00f3n en espa\u00f1ol de la canci\u00f3n Nathalie, junto a los Hermanos Arriagada, que se convirti\u00f3 en \u00e9xito en Am\u00e9rica Latina. Hasta 1973, la actividad musical de Valent\u00edn Trujillo fue agitada y brillante, con m\u00faltiples registros para boleristas, nuevaoleros y m\u00fasicos tropicales y de folclor. Nosotros (1961), de Los Huasos Quincheros, y la trilog\u00eda inicial de Cecilia (1964-1970) son algunas de sus grabaciones m\u00e1s prestigiosas, trabajadas en paralelo a sus propios discos instrumentales, el primero de los cuales, Un piano con alma, se edit\u00f3 en 1958. Pero, como a tantos m\u00fasicos, el Golpe de Estado le acarre\u00f3 una injusta interrupci\u00f3n de su ritmo y estabilidad laborales. Sus conocidas simpat\u00edas de izquierda y una activa labor sindical le costaron una serie de amedrentamientos que incluso alcanz\u00f3 a su familia. Fue la televisi\u00f3n, y espec\u00edficamente su labor en \u201cS\u00e1bados Gigantes\u201d, lo que lo salv\u00f3 de la cesant\u00eda. A\u00f1os m\u00e1s tarde, en 1988, fue el \u00fanico m\u00fasico de televisi\u00f3n que particip\u00f3 a cara descubierta en la franja del NO para el plebiscito. Valent\u00edn Trujillo se hab\u00eda sumado por primera vez al equipo de trabajo del canal televisivo de la Universidad Cat\u00f3lica en 1963 cuando comenz\u00f3 con encargos para la direcci\u00f3n de orquesta de programas como &#8220;Eureka&#8221;, &#8220;Canturreando&#8221; y, m\u00e1s adelante, &#8220;S\u00e1bados Gigantes&#8221;. Su extraordinaria capacidad para improvisar y dramatizar historias, y su prodigiosa memoria auditiva, lo llevaron al programa infantil \u201cPin Pon\u201d en 1965, espacio en el que el actor Jorge Guerra cre\u00f3 su personaje Pin Pon. Durante todo su primer per\u00edodo de trabajo televisivo, el pianista no abandon\u00f3 sus clases de m\u00fasica en escuelas p\u00fablicas, las que mantuvo durante veintisiete a\u00f1os. Su alianza con Don Francisco le ha dado fama y trasversal reconocimiento. Trujillo supo r\u00e1pidamente que sobre el set deb\u00eda combinar el despliegue de su t\u00e9cnica con las se\u00f1as justas de humor y asertividad que exige un programa de entretenci\u00f3n. En un discreto segundo plano, su presencia se hizo tan familiar para los televidentes que resulta casi impensable imaginar al programa con otro hombre frente el piano. Entre 1986 y el a\u00f1o 2005, Trujillo fue tambi\u00e9n una importaci\u00f3n chilena estrella de la versi\u00f3n estadounidense del programa, lo cual lo oblig\u00f3 a establecer residencia en Miami, interrumpida solo por los problemas derivados de un c\u00e1ncer. Tambi\u00e9n ha sido significativa la labor de Trujillo festivales, tanto como director de orquesta como en silenciosas postulaciones como compositor. Entre las incursiones m\u00e1s exitosas estuvo la que en 1981 realiz\u00f3 junto al conjunto Santiago Cuatro, para quienes realiz\u00f3 los arreglos orquestales del premiado tema \u201cAy, Fernanda\u201d. En la versi\u00f3n 1985 de ese mismo certamen, su composici\u00f3n \u201cCon algo de menos, con algo de m\u00e1s\u201d (con voz de Miguel Esper) recibi\u00f3 el segundo lugar del jurado; y en 1998 qued\u00f3 como finalista del g\u00e9nero folcl\u00f3rico \u201cUna cueca bien toc\u00e1, cant\u00e1, bail\u00e1 y bien zapate\u00e1\u201d, en voz de Claudio Gonz\u00e1lez. Al a\u00f1o siguiente, ese mismo cantante se qued\u00f3 con el premio a la Mejor Interpretaci\u00f3n gracias a \u201cLa mansa fiesta\u201d, una canci\u00f3n compuesta entre Trujillo y \u00d3scar C\u00e1ceres. En diversos momentos, el m\u00fasico ha<\/p>\n","protected":false},"author":1,"featured_media":9611,"comment_status":"closed","ping_status":"closed","sticky":false,"template":"","format":"standard","meta":{"_uag_custom_page_level_css":"","footnotes":""},"categories":[50,43,48],"tags":[],"class_list":["post-9019","post","type-post","status-publish","format-standard","has-post-thumbnail","hentry","category-memoria","category-patrimonio","category-vecinos_ilustres"],"uagb_featured_image_src":{"full":["https:\/\/nunoa.cl\/nunoapatrimonial\/wp-content\/uploads\/2024\/08\/Tio-Valentin-Trujillo-1024x578-1.webp",1024,578,false],"thumbnail":["https:\/\/nunoa.cl\/nunoapatrimonial\/wp-content\/uploads\/2024\/08\/Tio-Valentin-Trujillo-1024x578-1-150x150.webp",150,150,true],"medium":["https:\/\/nunoa.cl\/nunoapatrimonial\/wp-content\/uploads\/2024\/08\/Tio-Valentin-Trujillo-1024x578-1-300x169.webp",300,169,true],"medium_large":["https:\/\/nunoa.cl\/nunoapatrimonial\/wp-content\/uploads\/2024\/08\/Tio-Valentin-Trujillo-1024x578-1-768x434.webp",768,434,true],"large":["https:\/\/nunoa.cl\/nunoapatrimonial\/wp-content\/uploads\/2024\/08\/Tio-Valentin-Trujillo-1024x578-1.webp",1024,578,false],"1536x1536":["https:\/\/nunoa.cl\/nunoapatrimonial\/wp-content\/uploads\/2024\/08\/Tio-Valentin-Trujillo-1024x578-1.webp",1024,578,false],"2048x2048":["https:\/\/nunoa.cl\/nunoapatrimonial\/wp-content\/uploads\/2024\/08\/Tio-Valentin-Trujillo-1024x578-1.webp",1024,578,false],"appart_350x360":["https:\/\/nunoa.cl\/nunoapatrimonial\/wp-content\/uploads\/2024\/08\/Tio-Valentin-Trujillo-1024x578-1-350x360.webp",350,360,true],"appart_350x400":["https:\/\/nunoa.cl\/nunoapatrimonial\/wp-content\/uploads\/2024\/08\/Tio-Valentin-Trujillo-1024x578-1-350x400.webp",350,400,true],"appart_80x80":["https:\/\/nunoa.cl\/nunoapatrimonial\/wp-content\/uploads\/2024\/08\/Tio-Valentin-Trujillo-1024x578-1-80x80.webp",80,80,true],"appart_570x340":["https:\/\/nunoa.cl\/nunoapatrimonial\/wp-content\/uploads\/2024\/08\/Tio-Valentin-Trujillo-1024x578-1-570x340.webp",570,340,true],"appart_100x80":["https:\/\/nunoa.cl\/nunoapatrimonial\/wp-content\/uploads\/2024\/08\/Tio-Valentin-Trujillo-1024x578-1-100x80.webp",100,80,true],"appart_750x400":["https:\/\/nunoa.cl\/nunoapatrimonial\/wp-content\/uploads\/2024\/08\/Tio-Valentin-Trujillo-1024x578-1-750x400.webp",750,400,true],"alm-thumbnail":["https:\/\/nunoa.cl\/nunoapatrimonial\/wp-content\/uploads\/2024\/08\/Tio-Valentin-Trujillo-1024x578-1-150x150.webp",150,150,true]},"uagb_author_info":{"display_name":"ADMIN","author_link":"https:\/\/nunoa.cl\/nunoapatrimonial\/author\/admin\/"},"uagb_comment_info":0,"uagb_excerpt":"T\u00edo Valent\u00edn Aunque la familia Trujillo-S\u00e1nchez creci\u00f3 en un ambiente sencillo (el padre era minero y la madre, profesora b\u00e1sica), se las arregl\u00f3 para tener en el medio del living un buen piano de cola. La se\u00f1ora Clementina S\u00e1nchez cre\u00eda que \u00abcuando entra un piano a la casa, entra la cultura\u00bb. De sus cinco hijos,&hellip;","_links":{"self":[{"href":"https:\/\/nunoa.cl\/nunoapatrimonial\/wp-json\/wp\/v2\/posts\/9019","targetHints":{"allow":["GET"]}}],"collection":[{"href":"https:\/\/nunoa.cl\/nunoapatrimonial\/wp-json\/wp\/v2\/posts"}],"about":[{"href":"https:\/\/nunoa.cl\/nunoapatrimonial\/wp-json\/wp\/v2\/types\/post"}],"author":[{"embeddable":true,"href":"https:\/\/nunoa.cl\/nunoapatrimonial\/wp-json\/wp\/v2\/users\/1"}],"replies":[{"embeddable":true,"href":"https:\/\/nunoa.cl\/nunoapatrimonial\/wp-json\/wp\/v2\/comments?post=9019"}],"version-history":[{"count":1,"href":"https:\/\/nunoa.cl\/nunoapatrimonial\/wp-json\/wp\/v2\/posts\/9019\/revisions"}],"predecessor-version":[{"id":9612,"href":"https:\/\/nunoa.cl\/nunoapatrimonial\/wp-json\/wp\/v2\/posts\/9019\/revisions\/9612"}],"wp:featuredmedia":[{"embeddable":true,"href":"https:\/\/nunoa.cl\/nunoapatrimonial\/wp-json\/wp\/v2\/media\/9611"}],"wp:attachment":[{"href":"https:\/\/nunoa.cl\/nunoapatrimonial\/wp-json\/wp\/v2\/media?parent=9019"}],"wp:term":[{"taxonomy":"category","embeddable":true,"href":"https:\/\/nunoa.cl\/nunoapatrimonial\/wp-json\/wp\/v2\/categories?post=9019"},{"taxonomy":"post_tag","embeddable":true,"href":"https:\/\/nunoa.cl\/nunoapatrimonial\/wp-json\/wp\/v2\/tags?post=9019"}],"curies":[{"name":"wp","href":"https:\/\/api.w.org\/{rel}","templated":true}]}}