{"id":8996,"date":"2024-08-01T15:25:24","date_gmt":"2024-08-01T15:25:24","guid":{"rendered":"https:\/\/nunoa.cl\/nunoapatrimonial\/?p=8996"},"modified":"2024-08-01T15:47:01","modified_gmt":"2024-08-01T15:47:01","slug":"graciabarrios","status":"publish","type":"post","link":"https:\/\/nunoa.cl\/nunoapatrimonial\/graciabarrios\/","title":{"rendered":"Gracia Barrios Rivadeneira"},"content":{"rendered":"<style>\/*! elementor - v3.23.0 - 25-07-2024 *\/<br \/>.elementor-heading-title{padding:0;margin:0;line-height:1}.elementor-widget-heading .elementor-heading-title[class*=elementor-size-]>a{color:inherit;font-size:inherit;line-height:inherit}.elementor-widget-heading .elementor-heading-title.elementor-size-small{font-size:15px}.elementor-widget-heading .elementor-heading-title.elementor-size-medium{font-size:19px}.elementor-widget-heading .elementor-heading-title.elementor-size-large{font-size:29px}.elementor-widget-heading .elementor-heading-title.elementor-size-xl{font-size:39px}.elementor-widget-heading .elementor-heading-title.elementor-size-xxl{font-size:59px}<\/style>\n<h1><\/h1>\n<h2>GRACIA BARRIOS RIVADENEIRA<\/h2>\n<style>\/*! elementor - v3.23.0 - 25-07-2024 *\/<br \/>.elementor-testimonial-wrapper{overflow:hidden;text-align:center}.elementor-testimonial-wrapper .elementor-testimonial-content{font-size:1.3em;margin-bottom:20px}.elementor-testimonial-wrapper .elementor-testimonial-name{line-height:1.5;display:block}.elementor-testimonial-wrapper .elementor-testimonial-job{font-size:.85em;display:block}.elementor-testimonial-wrapper .elementor-testimonial-meta{width:100%;line-height:1}.elementor-testimonial-wrapper .elementor-testimonial-meta-inner{display:inline-block}.elementor-testimonial-wrapper .elementor-testimonial-meta .elementor-testimonial-details,.elementor-testimonial-wrapper .elementor-testimonial-meta .elementor-testimonial-image{display:table-cell;vertical-align:middle}.elementor-testimonial-wrapper .elementor-testimonial-meta .elementor-testimonial-image img{width:60px;height:60px;border-radius:50%;-o-object-fit:cover;object-fit:cover;max-width:none}.elementor-testimonial-wrapper .elementor-testimonial-meta.elementor-testimonial-image-position-aside .elementor-testimonial-image{padding-inline-end:15px}.elementor-testimonial-wrapper .elementor-testimonial-meta.elementor-testimonial-image-position-aside .elementor-testimonial-details{text-align:start}.elementor-testimonial-wrapper .elementor-testimonial-meta.elementor-testimonial-image-position-top .elementor-testimonial-details,.elementor-testimonial-wrapper .elementor-testimonial-meta.elementor-testimonial-image-position-top .elementor-testimonial-image{display:block}.elementor-testimonial-wrapper .elementor-testimonial-meta.elementor-testimonial-image-position-top .elementor-testimonial-image{margin-bottom:20px}<\/style>\n<p style=\"text-align: justify;\">Hija del escritor chileno y Premio Nacional de Literatura Eduardo Barrios, desde muy temprano manifest\u00f3 inter\u00e9s y aptitudes para el arte, lo cual la llev\u00f3 a tomar clases con el artista Carlos Isamitt y m\u00e1s tarde, mientras prosegu\u00eda sus estudios secundarios, a desarrollar cursos vespertinos en la Escuela de Bellas de Arte de la Universidad de Chile. Posteriormente, entre los a\u00f1os 1944 y 1949, continu\u00f3 su formaci\u00f3n art\u00edstica en dicha casa de estudios, donde fue alumna de Augusto Egu\u00edluz, Carlos Pedraza y Pablo Burchard, de quien admiti\u00f3 haber recibido importantes influencias que se expresaron en su trabajo pict\u00f3rico.<\/p>\n<p style=\"text-align: justify;\">En los a\u00f1os 40 form\u00f3 parte del Grupo de Estudiantes Pl\u00e1sticos de la Universidad de Chile, el cual abog\u00f3 por una actualizaci\u00f3n y mejoramiento de la ense\u00f1anza del arte en el pa\u00eds, organizando diversas instancias alternativas para la circulaci\u00f3n y difusi\u00f3n de pr\u00e1cticas y discursos. A comienzos de la d\u00e9cada de 1960, junto a su marido el pintor Jos\u00e9 Balmes y a los artistas Alberto P\u00e9rez y Eduardo Mart\u00ednez Bonati, form\u00f3 el Grupo Signo, que propugn\u00f3 en Chile una pintura abstracta, expresiva y gestual, influenciada por el movimiento informalista europeo. Asimismo, Signo plante\u00f3 la necesidad de que el arte y los artistas ejercieran un rol pol\u00edtico en el entramado social de su tiempo.<\/p>\n<p style=\"text-align: justify;\">La artista particip\u00f3 activamente en las transformaciones culturales impulsadas desde fines de los a\u00f1os 60 en Chile, primero con el proceso de Reforma Universitaria y luego en el marco del programa pol\u00edtico de la Unidad Popular. Tras el golpe de estado de 1973, Barrios parti\u00f3 al exilio junto a Balmes y la hija de ambos, Concepci\u00f3n Balmes (tambi\u00e9n pintora), radic\u00e1ndose en Francia.<\/p>\n<p style=\"text-align: justify;\">A lo largo de su extensa trayectoria art\u00edstica, Gracia Barrios ha demostrado una constante preocupaci\u00f3n por los problemas pol\u00edticos y sociales de su contexto cercano, eligiendo como tema central de su obra la condici\u00f3n humana, los sue\u00f1os y el sufrimiento de hombres y mujeres. Si bien sus primeras obras fueron dibujos y pinturas figurativas, en los 60 y alineada con las propuestas de Signo, su pintura asumi\u00f3 un tono m\u00e1s cercano al informalismo y la abstracci\u00f3n: en sus trabajos predomin\u00f3 el gesto y la experimentaci\u00f3n mat\u00e9rica en tonalidades oscuras dadas por la utilizaci\u00f3n de tierras.<\/p>\n<p style=\"text-align: justify;\">A inicios de los a\u00f1os 70 retom\u00f3 un camino m\u00e1s figurativo que la vincul\u00f3 de manera m\u00e1s directa con la contingencia hist\u00f3rica nacional. De este periodo destacan una serie de obras de gran formato en las que representa de manera sint\u00e9tica a multitudes an\u00f3nimas, al pueblo chileno y latinoamericano, contribuyendo as\u00ed a la creaci\u00f3n de una identidad visual para la comunidad de la regi\u00f3n. Posteriormente, su exilio estuvo marcado por la construcci\u00f3n de im\u00e1genes que denunciaban la represi\u00f3n vivida en el pa\u00eds. De regreso a Chile a mediados de los 80, sus lienzos continuaron representando preferentemente la figura humana, desde ese momento incorpor\u00f3 adem\u00e1s signos gr\u00e1ficos hechos con carboncillo y pastel.<\/p>\n<p style=\"text-align: justify;\">A\u00fan cuando la artista ha experimentado con distintas t\u00e9cnicas, su medio predilecto ha sido la pintura, utilizando generalmente \u00f3leo y acr\u00edlico. Su obra ha sido exhibida en distintas ciudades de Chile y en pa\u00edses como Espa\u00f1a, Francia, M\u00e9xico, Argentina, Colombia, Jap\u00f3n y Estados Unidos entre otros, alcanzando renombre internacional. En sus primeros a\u00f1os de carrera, Barrios fue galardonada en varios salones oficiales en Santiago, a lo cual le siguieron otros importantes premios nacionales como internacionales. No obstante, su mayor reconocimiento a nivel local llegar\u00eda en 2011 con la adjudicaci\u00f3n del Premio Nacional de Artes Pl\u00e1sticas.<\/p>\n<p style=\"text-align: justify;\">Barrios compatibiliz\u00f3 su trabajo art\u00edstico con labores docentes en diferentes casas de estudio. En sus inicios se desempe\u00f1\u00f3 como ayudante del taller de dibujo de Carlos Pedraza en la Universidad de Chile, para posteriormente integrar el cuerpo docente y asumir otros cargos institucionales hasta 1973. En 1986 la artista se incorpor\u00f3 como profesora visitante en la Escuela de Arte de la Pontificia Universidad Cat\u00f3lica de Chile, cargo que ejerci\u00f3 hasta 1993. En la d\u00e9cada de los 90, ofici\u00f3 como profesora de dibujo en la Universidad Finis Terrae.<\/p>\n<p style=\"text-align: justify;\">Gracia Barrios falleci\u00f3 el 28 de mayo de 2020 en Santiago, Chile.<\/p>\n<p><img decoding=\"async\" src=\"https:\/\/nunoa.cl\/nunoapatrimonial\/wp-content\/uploads\/2024\/08\/Gracia-Barrios-150x150.jpg\" alt=\"\" width=\"150\" height=\"150\" \/><br \/>\nGracia Barrios Rivadeneira<br \/>\nArtista pl\u00e1stica.<\/p>\n","protected":false},"excerpt":{"rendered":"<p>GRACIA BARRIOS RIVADENEIRA Hija del escritor chileno y Premio Nacional de Literatura Eduardo Barrios, desde muy temprano manifest\u00f3 inter\u00e9s y aptitudes para el arte, lo cual la llev\u00f3 a tomar clases con el artista Carlos Isamitt y m\u00e1s tarde, mientras prosegu\u00eda sus estudios secundarios, a desarrollar cursos vespertinos en la Escuela de Bellas de Arte de la Universidad de Chile. Posteriormente, entre los a\u00f1os 1944 y 1949, continu\u00f3 su formaci\u00f3n art\u00edstica en dicha casa de estudios, donde fue alumna de Augusto Egu\u00edluz, Carlos Pedraza y Pablo Burchard, de quien admiti\u00f3 haber recibido importantes influencias que se expresaron en su trabajo pict\u00f3rico. En los a\u00f1os 40 form\u00f3 parte del Grupo de Estudiantes Pl\u00e1sticos de la Universidad de Chile, el cual abog\u00f3 por una actualizaci\u00f3n y mejoramiento de la ense\u00f1anza del arte en el pa\u00eds, organizando diversas instancias alternativas para la circulaci\u00f3n y difusi\u00f3n de pr\u00e1cticas y discursos. A comienzos de la d\u00e9cada de 1960, junto a su marido el pintor Jos\u00e9 Balmes y a los artistas Alberto P\u00e9rez y Eduardo Mart\u00ednez Bonati, form\u00f3 el Grupo Signo, que propugn\u00f3 en Chile una pintura abstracta, expresiva y gestual, influenciada por el movimiento informalista europeo. Asimismo, Signo plante\u00f3 la necesidad de que el arte y los artistas ejercieran un rol pol\u00edtico en el entramado social de su tiempo. La artista particip\u00f3 activamente en las transformaciones culturales impulsadas desde fines de los a\u00f1os 60 en Chile, primero con el proceso de Reforma Universitaria y luego en el marco del programa pol\u00edtico de la Unidad Popular. Tras el golpe de estado de 1973, Barrios parti\u00f3 al exilio junto a Balmes y la hija de ambos, Concepci\u00f3n Balmes (tambi\u00e9n pintora), radic\u00e1ndose en Francia. A lo largo de su extensa trayectoria art\u00edstica, Gracia Barrios ha demostrado una constante preocupaci\u00f3n por los problemas pol\u00edticos y sociales de su contexto cercano, eligiendo como tema central de su obra la condici\u00f3n humana, los sue\u00f1os y el sufrimiento de hombres y mujeres. Si bien sus primeras obras fueron dibujos y pinturas figurativas, en los 60 y alineada con las propuestas de Signo, su pintura asumi\u00f3 un tono m\u00e1s cercano al informalismo y la abstracci\u00f3n: en sus trabajos predomin\u00f3 el gesto y la experimentaci\u00f3n mat\u00e9rica en tonalidades oscuras dadas por la utilizaci\u00f3n de tierras. A inicios de los a\u00f1os 70 retom\u00f3 un camino m\u00e1s figurativo que la vincul\u00f3 de manera m\u00e1s directa con la contingencia hist\u00f3rica nacional. De este periodo destacan una serie de obras de gran formato en las que representa de manera sint\u00e9tica a multitudes an\u00f3nimas, al pueblo chileno y latinoamericano, contribuyendo as\u00ed a la creaci\u00f3n de una identidad visual para la comunidad de la regi\u00f3n. Posteriormente, su exilio estuvo marcado por la construcci\u00f3n de im\u00e1genes que denunciaban la represi\u00f3n vivida en el pa\u00eds. De regreso a Chile a mediados de los 80, sus lienzos continuaron representando preferentemente la figura humana, desde ese momento incorpor\u00f3 adem\u00e1s signos gr\u00e1ficos hechos con carboncillo y pastel. A\u00fan cuando la artista ha experimentado con distintas t\u00e9cnicas, su medio predilecto ha sido la pintura, utilizando generalmente \u00f3leo y acr\u00edlico. Su obra ha sido exhibida en distintas ciudades de Chile y en pa\u00edses como Espa\u00f1a, Francia, M\u00e9xico, Argentina, Colombia, Jap\u00f3n y Estados Unidos entre otros, alcanzando renombre internacional. En sus primeros a\u00f1os de carrera, Barrios fue galardonada en varios salones oficiales en Santiago, a lo cual le siguieron otros importantes premios nacionales como internacionales. No obstante, su mayor reconocimiento a nivel local llegar\u00eda en 2011 con la adjudicaci\u00f3n del Premio Nacional de Artes Pl\u00e1sticas. Barrios compatibiliz\u00f3 su trabajo art\u00edstico con labores docentes en diferentes casas de estudio. En sus inicios se desempe\u00f1\u00f3 como ayudante del taller de dibujo de Carlos Pedraza en la Universidad de Chile, para posteriormente integrar el cuerpo docente y asumir otros cargos institucionales hasta 1973. En 1986 la artista se incorpor\u00f3 como profesora visitante en la Escuela de Arte de la Pontificia Universidad Cat\u00f3lica de Chile, cargo que ejerci\u00f3 hasta 1993. En la d\u00e9cada de los 90, ofici\u00f3 como profesora de dibujo en la Universidad Finis Terrae. Gracia Barrios falleci\u00f3 el 28 de mayo de 2020 en Santiago, Chile. Gracia Barrios Rivadeneira Artista pl\u00e1stica.<\/p>\n","protected":false},"author":1,"featured_media":8997,"comment_status":"closed","ping_status":"closed","sticky":false,"template":"","format":"standard","meta":{"_uag_custom_page_level_css":"","footnotes":""},"categories":[50,43,48],"tags":[],"class_list":["post-8996","post","type-post","status-publish","format-standard","has-post-thumbnail","hentry","category-memoria","category-patrimonio","category-vecinos_ilustres"],"uagb_featured_image_src":{"full":["https:\/\/nunoa.cl\/nunoapatrimonial\/wp-content\/uploads\/2024\/08\/Gracia-Barrios.jpg",900,590,false],"thumbnail":["https:\/\/nunoa.cl\/nunoapatrimonial\/wp-content\/uploads\/2024\/08\/Gracia-Barrios-150x150.jpg",150,150,true],"medium":["https:\/\/nunoa.cl\/nunoapatrimonial\/wp-content\/uploads\/2024\/08\/Gracia-Barrios-300x197.jpg",300,197,true],"medium_large":["https:\/\/nunoa.cl\/nunoapatrimonial\/wp-content\/uploads\/2024\/08\/Gracia-Barrios-768x503.jpg",768,503,true],"large":["https:\/\/nunoa.cl\/nunoapatrimonial\/wp-content\/uploads\/2024\/08\/Gracia-Barrios.jpg",900,590,false],"1536x1536":["https:\/\/nunoa.cl\/nunoapatrimonial\/wp-content\/uploads\/2024\/08\/Gracia-Barrios.jpg",900,590,false],"2048x2048":["https:\/\/nunoa.cl\/nunoapatrimonial\/wp-content\/uploads\/2024\/08\/Gracia-Barrios.jpg",900,590,false],"appart_350x360":["https:\/\/nunoa.cl\/nunoapatrimonial\/wp-content\/uploads\/2024\/08\/Gracia-Barrios-350x360.jpg",350,360,true],"appart_350x400":["https:\/\/nunoa.cl\/nunoapatrimonial\/wp-content\/uploads\/2024\/08\/Gracia-Barrios-350x400.jpg",350,400,true],"appart_80x80":["https:\/\/nunoa.cl\/nunoapatrimonial\/wp-content\/uploads\/2024\/08\/Gracia-Barrios-80x80.jpg",80,80,true],"appart_570x340":["https:\/\/nunoa.cl\/nunoapatrimonial\/wp-content\/uploads\/2024\/08\/Gracia-Barrios-570x340.jpg",570,340,true],"appart_100x80":["https:\/\/nunoa.cl\/nunoapatrimonial\/wp-content\/uploads\/2024\/08\/Gracia-Barrios-100x80.jpg",100,80,true],"appart_750x400":["https:\/\/nunoa.cl\/nunoapatrimonial\/wp-content\/uploads\/2024\/08\/Gracia-Barrios-750x400.jpg",750,400,true],"alm-thumbnail":["https:\/\/nunoa.cl\/nunoapatrimonial\/wp-content\/uploads\/2024\/08\/Gracia-Barrios-150x150.jpg",150,150,true]},"uagb_author_info":{"display_name":"ADMIN","author_link":"https:\/\/nunoa.cl\/nunoapatrimonial\/author\/admin\/"},"uagb_comment_info":0,"uagb_excerpt":"GRACIA BARRIOS RIVADENEIRA Hija del escritor chileno y Premio Nacional de Literatura Eduardo Barrios, desde muy temprano manifest\u00f3 inter\u00e9s y aptitudes para el arte, lo cual la llev\u00f3 a tomar clases con el artista Carlos Isamitt y m\u00e1s tarde, mientras prosegu\u00eda sus estudios secundarios, a desarrollar cursos vespertinos en la Escuela de Bellas de Arte&hellip;","_links":{"self":[{"href":"https:\/\/nunoa.cl\/nunoapatrimonial\/wp-json\/wp\/v2\/posts\/8996","targetHints":{"allow":["GET"]}}],"collection":[{"href":"https:\/\/nunoa.cl\/nunoapatrimonial\/wp-json\/wp\/v2\/posts"}],"about":[{"href":"https:\/\/nunoa.cl\/nunoapatrimonial\/wp-json\/wp\/v2\/types\/post"}],"author":[{"embeddable":true,"href":"https:\/\/nunoa.cl\/nunoapatrimonial\/wp-json\/wp\/v2\/users\/1"}],"replies":[{"embeddable":true,"href":"https:\/\/nunoa.cl\/nunoapatrimonial\/wp-json\/wp\/v2\/comments?post=8996"}],"version-history":[{"count":0,"href":"https:\/\/nunoa.cl\/nunoapatrimonial\/wp-json\/wp\/v2\/posts\/8996\/revisions"}],"wp:featuredmedia":[{"embeddable":true,"href":"https:\/\/nunoa.cl\/nunoapatrimonial\/wp-json\/wp\/v2\/media\/8997"}],"wp:attachment":[{"href":"https:\/\/nunoa.cl\/nunoapatrimonial\/wp-json\/wp\/v2\/media?parent=8996"}],"wp:term":[{"taxonomy":"category","embeddable":true,"href":"https:\/\/nunoa.cl\/nunoapatrimonial\/wp-json\/wp\/v2\/categories?post=8996"},{"taxonomy":"post_tag","embeddable":true,"href":"https:\/\/nunoa.cl\/nunoapatrimonial\/wp-json\/wp\/v2\/tags?post=8996"}],"curies":[{"name":"wp","href":"https:\/\/api.w.org\/{rel}","templated":true}]}}