{"id":7808,"date":"2023-09-07T13:12:41","date_gmt":"2023-09-07T13:12:41","guid":{"rendered":"https:\/\/nunoa.cl\/nunoapatrimonial\/?p=7808"},"modified":"2023-09-22T15:08:03","modified_gmt":"2023-09-22T15:08:03","slug":"50anos","status":"publish","type":"post","link":"https:\/\/nunoa.cl\/nunoapatrimonial\/50anos\/","title":{"rendered":"Septiembre &#8211; Memoria y Futuro"},"content":{"rendered":"<p align=\"justify\"><span style=\"color: #000000;\">La\u00a0<strong>Ilustre Municipalidad de \u00d1u\u00f1oa<\/strong>, junto a la\u00a0<strong>Corporaci\u00f3n Estadio Nacional Memoria Nacional<\/strong>\u00a0y la\u00a0<strong>Fundaci\u00f3n de Protecci\u00f3n a la Infancia Da\u00f1ada por los Estados de Emergencia (PIDEE)<\/strong>, tienen el agrado de invitarlos a participar de las actividades con motivo de la\u00a0<strong>Conmemoraci\u00f3n de los 50 A\u00f1os del Golpe Civil-Militar<\/strong>.<\/span><\/p>\n<p align=\"justify\"><span style=\"color: #000000;\">Para ello, los invitamos a participar del\u00a0<strong>Seminario \u201cMemoria y Deporte\u201d<\/strong>, que se realizar\u00e1 en el\u00a0<strong>Sitio de Memoria del Estadio Nacional<\/strong>\u00a0(entrada por\u00a0<strong>Avda. Pedro de Valdivia 4801<\/strong>), el d\u00eda<strong>\u00a0viernes 08 de septiembre, a partir de las 09:30 hrs<\/strong>, y contar\u00e1 con la presencia del Ministro del Deporte, sr. Jaime Pizarro, el Subsecretario de Derechos Humanos, sr. Xavier Altamirano. Esta instancia tiene como prop\u00f3sito reflexionar sobre las implicancias de la violencia pol\u00edtica en el deporte y la transformaci\u00f3n de los recintos deportivos en campos de concentraci\u00f3n y de exterminio.\u00a0<\/span><\/p>\n<p align=\"justify\"><span style=\"color: #000000;\">Finalmente, los invitamos a participar de un\u00a0<strong>Acto Conmemorativo<\/strong> el d\u00eda martes <strong>12 de septiembre, a las 19:30 hrs., en la Plaza \u00d1u\u00f1oa Norte<\/strong>, a fin de rendir un homenaje a las v\u00edctimas del terrorismo de Estado.<\/span><\/p>\n<div id='gallery-1' class='gallery galleryid-7808 gallery-columns-1 gallery-size-large'><figure class='gallery-item'>\n\t\t\t<div class='gallery-icon landscape'>\n\t\t\t\t<a href='https:\/\/nunoa.cl\/nunoapatrimonial\/wp-content\/uploads\/2023\/09\/Twitter-1.png'><img fetchpriority=\"high\" decoding=\"async\" width=\"1024\" height=\"512\" src=\"https:\/\/nunoa.cl\/nunoapatrimonial\/wp-content\/uploads\/2023\/09\/Twitter-1-1024x512.png\" class=\"attachment-large size-large\" alt=\"\" srcset=\"https:\/\/nunoa.cl\/nunoapatrimonial\/wp-content\/uploads\/2023\/09\/Twitter-1-1024x512.png 1024w, https:\/\/nunoa.cl\/nunoapatrimonial\/wp-content\/uploads\/2023\/09\/Twitter-1-300x150.png 300w, https:\/\/nunoa.cl\/nunoapatrimonial\/wp-content\/uploads\/2023\/09\/Twitter-1-768x384.png 768w, https:\/\/nunoa.cl\/nunoapatrimonial\/wp-content\/uploads\/2023\/09\/Twitter-1-1536x768.png 1536w, https:\/\/nunoa.cl\/nunoapatrimonial\/wp-content\/uploads\/2023\/09\/Twitter-1-2048x1024.png 2048w\" sizes=\"(max-width: 1024px) 100vw, 1024px\" \/><\/a>\n\t\t\t<\/div><\/figure><figure class='gallery-item'>\n\t\t\t<div class='gallery-icon landscape'>\n\t\t\t\t<a href='https:\/\/nunoa.cl\/nunoapatrimonial\/wp-content\/uploads\/2023\/09\/Seminario_1_Tw.png'><img decoding=\"async\" width=\"1024\" height=\"512\" src=\"https:\/\/nunoa.cl\/nunoapatrimonial\/wp-content\/uploads\/2023\/09\/Seminario_1_Tw-1024x512.png\" class=\"attachment-large size-large\" alt=\"\" srcset=\"https:\/\/nunoa.cl\/nunoapatrimonial\/wp-content\/uploads\/2023\/09\/Seminario_1_Tw-1024x512.png 1024w, https:\/\/nunoa.cl\/nunoapatrimonial\/wp-content\/uploads\/2023\/09\/Seminario_1_Tw-300x150.png 300w, https:\/\/nunoa.cl\/nunoapatrimonial\/wp-content\/uploads\/2023\/09\/Seminario_1_Tw-768x384.png 768w, https:\/\/nunoa.cl\/nunoapatrimonial\/wp-content\/uploads\/2023\/09\/Seminario_1_Tw-1536x768.png 1536w, https:\/\/nunoa.cl\/nunoapatrimonial\/wp-content\/uploads\/2023\/09\/Seminario_1_Tw-2048x1024.png 2048w\" sizes=\"(max-width: 1024px) 100vw, 1024px\" \/><\/a>\n\t\t\t<\/div><\/figure><figure class='gallery-item'>\n\t\t\t<div class='gallery-icon landscape'>\n\t\t\t\t<a href='https:\/\/nunoa.cl\/nunoapatrimonial\/wp-content\/uploads\/2023\/09\/Twitter-1-1.png'><img decoding=\"async\" width=\"1024\" height=\"512\" src=\"https:\/\/nunoa.cl\/nunoapatrimonial\/wp-content\/uploads\/2023\/09\/Twitter-1-1-1024x512.png\" class=\"attachment-large size-large\" alt=\"\" srcset=\"https:\/\/nunoa.cl\/nunoapatrimonial\/wp-content\/uploads\/2023\/09\/Twitter-1-1-1024x512.png 1024w, https:\/\/nunoa.cl\/nunoapatrimonial\/wp-content\/uploads\/2023\/09\/Twitter-1-1-300x150.png 300w, https:\/\/nunoa.cl\/nunoapatrimonial\/wp-content\/uploads\/2023\/09\/Twitter-1-1-768x384.png 768w, https:\/\/nunoa.cl\/nunoapatrimonial\/wp-content\/uploads\/2023\/09\/Twitter-1-1-1536x768.png 1536w, https:\/\/nunoa.cl\/nunoapatrimonial\/wp-content\/uploads\/2023\/09\/Twitter-1-1-2048x1024.png 2048w\" sizes=\"(max-width: 1024px) 100vw, 1024px\" \/><\/a>\n\t\t\t<\/div><\/figure>\n\t\t<\/div>\n\n","protected":false},"excerpt":{"rendered":"<p>La\u00a0Ilustre Municipalidad de \u00d1u\u00f1oa, junto a la\u00a0Corporaci\u00f3n Estadio Nacional Memoria Nacional\u00a0y la\u00a0Fundaci\u00f3n de Protecci\u00f3n a la Infancia Da\u00f1ada por los Estados de Emergencia (PIDEE), tienen el agrado de invitarlos a participar de las actividades con motivo de la\u00a0Conmemoraci\u00f3n de los 50 A\u00f1os del Golpe Civil-Militar. Para ello, los invitamos a participar del\u00a0Seminario \u201cMemoria y Deporte\u201d, que se realizar\u00e1 en el\u00a0Sitio de Memoria del Estadio Nacional\u00a0(entrada por\u00a0Avda. Pedro de Valdivia 4801), el d\u00eda\u00a0viernes 08 de septiembre, a partir de las 09:30 hrs, y contar\u00e1 con la presencia del Ministro del Deporte, sr. Jaime Pizarro, el Subsecretario de Derechos Humanos, sr. Xavier Altamirano. Esta instancia tiene como prop\u00f3sito reflexionar sobre las implicancias de la violencia pol\u00edtica en el deporte y la transformaci\u00f3n de los recintos deportivos en campos de concentraci\u00f3n y de exterminio.\u00a0 Finalmente, los invitamos a participar de un\u00a0Acto Conmemorativo el d\u00eda martes 12 de septiembre, a las 19:30 hrs., en la Plaza \u00d1u\u00f1oa Norte, a fin de rendir un homenaje a las v\u00edctimas del terrorismo de Estado.<\/p>\n","protected":false},"author":1,"featured_media":7815,"comment_status":"open","ping_status":"open","sticky":false,"template":"","format":"standard","meta":{"_uag_custom_page_level_css":"","footnotes":""},"categories":[50,54],"tags":[67,64,65,63,55,57,68,66],"class_list":["post-7808","post","type-post","status-publish","format-standard","has-post-thumbnail","hentry","category-memoria","category-noticias","tag-allende","tag-conmemoracion","tag-estadio-nacional","tag-golpe-de-estado","tag-memoria","tag-nunoa","tag-represion","tag-seminario"],"uagb_featured_image_src":{"full":["https:\/\/nunoa.cl\/nunoapatrimonial\/wp-content\/uploads\/2023\/09\/628012be-25c9-4fa5-ac3c-8f8b1df3006a-e1694091736947.jpeg",1600,600,false],"thumbnail":["https:\/\/nunoa.cl\/nunoapatrimonial\/wp-content\/uploads\/2023\/09\/628012be-25c9-4fa5-ac3c-8f8b1df3006a-e1694091736947-150x150.jpeg",150,150,true],"medium":["https:\/\/nunoa.cl\/nunoapatrimonial\/wp-content\/uploads\/2023\/09\/628012be-25c9-4fa5-ac3c-8f8b1df3006a-e1694091736947-300x113.jpeg",300,113,true],"medium_large":["https:\/\/nunoa.cl\/nunoapatrimonial\/wp-content\/uploads\/2023\/09\/628012be-25c9-4fa5-ac3c-8f8b1df3006a-e1694091736947-768x288.jpeg",768,288,true],"large":["https:\/\/nunoa.cl\/nunoapatrimonial\/wp-content\/uploads\/2023\/09\/628012be-25c9-4fa5-ac3c-8f8b1df3006a-e1694091736947-1024x384.jpeg",1024,384,true],"1536x1536":["https:\/\/nunoa.cl\/nunoapatrimonial\/wp-content\/uploads\/2023\/09\/628012be-25c9-4fa5-ac3c-8f8b1df3006a-e1694091736947-1536x576.jpeg",1536,576,true],"2048x2048":["https:\/\/nunoa.cl\/nunoapatrimonial\/wp-content\/uploads\/2023\/09\/628012be-25c9-4fa5-ac3c-8f8b1df3006a-e1694091736947.jpeg",1600,600,false],"appart_350x360":["https:\/\/nunoa.cl\/nunoapatrimonial\/wp-content\/uploads\/2023\/09\/628012be-25c9-4fa5-ac3c-8f8b1df3006a-e1694091736947-350x360.jpeg",350,360,true],"appart_350x400":["https:\/\/nunoa.cl\/nunoapatrimonial\/wp-content\/uploads\/2023\/09\/628012be-25c9-4fa5-ac3c-8f8b1df3006a-e1694091736947-350x400.jpeg",350,400,true],"appart_80x80":["https:\/\/nunoa.cl\/nunoapatrimonial\/wp-content\/uploads\/2023\/09\/628012be-25c9-4fa5-ac3c-8f8b1df3006a-e1694091736947-80x80.jpeg",80,80,true],"appart_570x340":["https:\/\/nunoa.cl\/nunoapatrimonial\/wp-content\/uploads\/2023\/09\/628012be-25c9-4fa5-ac3c-8f8b1df3006a-e1694091736947-570x340.jpeg",570,340,true],"appart_100x80":["https:\/\/nunoa.cl\/nunoapatrimonial\/wp-content\/uploads\/2023\/09\/628012be-25c9-4fa5-ac3c-8f8b1df3006a-e1694091736947-100x80.jpeg",100,80,true],"appart_750x400":["https:\/\/nunoa.cl\/nunoapatrimonial\/wp-content\/uploads\/2023\/09\/628012be-25c9-4fa5-ac3c-8f8b1df3006a-e1694091736947-750x400.jpeg",750,400,true],"alm-thumbnail":["https:\/\/nunoa.cl\/nunoapatrimonial\/wp-content\/uploads\/2023\/09\/628012be-25c9-4fa5-ac3c-8f8b1df3006a-e1694091736947-150x150.jpeg",150,150,true]},"uagb_author_info":{"display_name":"ADMIN","author_link":"https:\/\/nunoa.cl\/nunoapatrimonial\/author\/admin\/"},"uagb_comment_info":1,"uagb_excerpt":"La\u00a0Ilustre Municipalidad de \u00d1u\u00f1oa, junto a la\u00a0Corporaci\u00f3n Estadio Nacional Memoria Nacional\u00a0y la\u00a0Fundaci\u00f3n de Protecci\u00f3n a la Infancia Da\u00f1ada por los Estados de Emergencia (PIDEE), tienen el agrado de invitarlos a participar de las actividades con motivo de la\u00a0Conmemoraci\u00f3n de los 50 A\u00f1os del Golpe Civil-Militar. Para ello, los invitamos a participar del\u00a0Seminario \u201cMemoria y Deporte\u201d,&hellip;","_links":{"self":[{"href":"https:\/\/nunoa.cl\/nunoapatrimonial\/wp-json\/wp\/v2\/posts\/7808","targetHints":{"allow":["GET"]}}],"collection":[{"href":"https:\/\/nunoa.cl\/nunoapatrimonial\/wp-json\/wp\/v2\/posts"}],"about":[{"href":"https:\/\/nunoa.cl\/nunoapatrimonial\/wp-json\/wp\/v2\/types\/post"}],"author":[{"embeddable":true,"href":"https:\/\/nunoa.cl\/nunoapatrimonial\/wp-json\/wp\/v2\/users\/1"}],"replies":[{"embeddable":true,"href":"https:\/\/nunoa.cl\/nunoapatrimonial\/wp-json\/wp\/v2\/comments?post=7808"}],"version-history":[{"count":0,"href":"https:\/\/nunoa.cl\/nunoapatrimonial\/wp-json\/wp\/v2\/posts\/7808\/revisions"}],"wp:featuredmedia":[{"embeddable":true,"href":"https:\/\/nunoa.cl\/nunoapatrimonial\/wp-json\/wp\/v2\/media\/7815"}],"wp:attachment":[{"href":"https:\/\/nunoa.cl\/nunoapatrimonial\/wp-json\/wp\/v2\/media?parent=7808"}],"wp:term":[{"taxonomy":"category","embeddable":true,"href":"https:\/\/nunoa.cl\/nunoapatrimonial\/wp-json\/wp\/v2\/categories?post=7808"},{"taxonomy":"post_tag","embeddable":true,"href":"https:\/\/nunoa.cl\/nunoapatrimonial\/wp-json\/wp\/v2\/tags?post=7808"}],"curies":[{"name":"wp","href":"https:\/\/api.w.org\/{rel}","templated":true}]}}