{"id":2967,"date":"2022-08-18T17:31:02","date_gmt":"2022-08-18T17:31:02","guid":{"rendered":"https:\/\/nunoa.cl\/nunoapatrimonial\/?p=2967"},"modified":"2022-09-22T18:54:51","modified_gmt":"2022-09-22T18:54:51","slug":"manuel-bustos-huerta","status":"publish","type":"post","link":"https:\/\/nunoa.cl\/nunoapatrimonial\/manuel-bustos-huerta\/","title":{"rendered":"Manuel Bustos Huerta"},"content":{"rendered":"\t\t<div data-elementor-type=\"wp-post\" data-elementor-id=\"2967\" class=\"elementor elementor-2967\">\n\t\t\t\t\t\t<section class=\"elementor-section elementor-top-section elementor-element elementor-element-7b2bf40c elementor-section-boxed elementor-section-height-default elementor-section-height-default wpr-particle-no wpr-jarallax-no wpr-parallax-no wpr-sticky-section-no\" data-id=\"7b2bf40c\" data-element_type=\"section\" data-e-type=\"section\">\n\t\t\t\t\t\t<div class=\"elementor-container elementor-column-gap-default\">\n\t\t\t\t\t<div class=\"elementor-column elementor-col-100 elementor-top-column elementor-element elementor-element-53fae293\" data-id=\"53fae293\" data-element_type=\"column\" data-e-type=\"column\">\n\t\t\t<div class=\"elementor-widget-wrap elementor-element-populated\">\n\t\t\t\t\t\t<div class=\"elementor-element elementor-element-4ffc4ef1 animated-slow elementor-invisible elementor-widget elementor-widget-heading\" data-id=\"4ffc4ef1\" data-element_type=\"widget\" data-e-type=\"widget\" data-settings=\"{&quot;_animation&quot;:&quot;fadeInUp&quot;}\" data-widget_type=\"heading.default\">\n\t\t\t\t<div class=\"elementor-widget-container\">\n\t\t\t\t\t<h2 class=\"elementor-heading-title elementor-size-default\">Manuel Bustos Huerta<\/h2>\t\t\t\t<\/div>\n\t\t\t\t<\/div>\n\t\t\t\t\t<\/div>\n\t\t<\/div>\n\t\t\t\t\t<\/div>\n\t\t<\/section>\n\t\t\t\t<section class=\"elementor-section elementor-top-section elementor-element elementor-element-1c560bef scrollRaul elementor-section-boxed elementor-section-height-default elementor-section-height-default wpr-particle-no wpr-jarallax-no wpr-parallax-no wpr-sticky-section-no\" data-id=\"1c560bef\" data-element_type=\"section\" data-e-type=\"section\">\n\t\t\t\t\t\t<div class=\"elementor-container elementor-column-gap-default\">\n\t\t\t\t\t<div class=\"elementor-column elementor-col-100 elementor-top-column elementor-element elementor-element-47b15e7e\" data-id=\"47b15e7e\" data-element_type=\"column\" data-e-type=\"column\">\n\t\t\t<div class=\"elementor-widget-wrap elementor-element-populated\">\n\t\t\t\t\t\t<section class=\"elementor-section elementor-inner-section elementor-element elementor-element-43b6566c elementor-section-content-middle elementor-section-boxed elementor-section-height-default elementor-section-height-default wpr-particle-no wpr-jarallax-no wpr-parallax-no wpr-sticky-section-no\" data-id=\"43b6566c\" data-element_type=\"section\" data-e-type=\"section\">\n\t\t\t\t\t\t<div class=\"elementor-container elementor-column-gap-extended\">\n\t\t\t\t\t<div class=\"elementor-column elementor-col-100 elementor-inner-column elementor-element elementor-element-66f83cb8\" data-id=\"66f83cb8\" data-element_type=\"column\" data-e-type=\"column\">\n\t\t\t<div class=\"elementor-widget-wrap elementor-element-populated\">\n\t\t\t\t\t\t<div class=\"elementor-element elementor-element-3ba26180 elementor-widget elementor-widget-testimonial\" data-id=\"3ba26180\" data-element_type=\"widget\" data-e-type=\"widget\" data-widget_type=\"testimonial.default\">\n\t\t\t\t<div class=\"elementor-widget-container\">\n\t\t\t\t\t\t\t<div class=\"elementor-testimonial-wrapper\">\n\t\t\t\t\t\t\t<div class=\"elementor-testimonial-content\"><p align=\"justify\">Naci\u00f3 el 2 de diciembre de 1943. \u00a0El a\u00f1o 1963, tras haber terminado el Servicio Militar, Manuel Bustos ya no regres\u00f3 al campo. Se traslad\u00f3 a Santiago para probar suerte y entr\u00f3 a trabajar como mozo en un restaurante. Luego de un breve paso por la empresa textil\u00a0Andina,\u00a0deriv\u00f3 a\u00a0Sumar,\u00a0industria del mismo rubro. Antes de un a\u00f1o ya era\u00a0delegado sindical; paralelamente, se hab\u00eda ido formando, con estudios de mec\u00e1nica en\u00a0Inacap,\u00a0de econom\u00eda en el\u00a0Instituto Latinoamericano de Estudios Sociales (Ilades), y de formaci\u00f3n sindical en la\u00a0Vicar\u00eda de la Pastoral Social.\n<br><\/br>\nLuego de dos a\u00f1os en la industria, en 1969 se convirti\u00f3 en presidente del\u00a0Sindicato de Trabajadores, cargo que ejerci\u00f3 \u00a0hasta 1986. Cuando se produjo el\u00a0Golpe de Estado\u00a0de 1973, Bustos era dirigente de la\u00a0Federaci\u00f3n Textil\u00a0y de la\u00a0Central \u00danica de Trabajadores (CUT). Fue detenido el d\u00eda 12 de septiembre junto a otros sindicalistas, y se le recluy\u00f3 primero en el\u00a0Estadio Chile\u00a0y luego en el\u00a0Estadio Nacional.\u00a0Tras permanecer en este recinto, estuvo 15 meses en la\u00a0C\u00e1rcel P\u00fablica.\u00a0En 1976, Bustos fue uno de los fundadores del denominado\u00a0Grupo de los 10, integrado, entre otros l\u00edderes sindicales, por\u00a0Tucapel Jim\u00e9nez. Este surgi\u00f3 en respuesta a la cancelaci\u00f3n de los derechos laborales por parte del entonces ministro del Trabajo,\u00a0Sergio Fern\u00e1ndez. Su inter\u00e9s por coordinar el movimiento sindical lo llev\u00f3, en 1981, a formar la\u00a0Coordinadora Nacional Sindical (CNS), integrada por dirigentes sindicales de todas las corrientes opositoras al r\u00e9gimen militar, y que sirvi\u00f3 de base para posteriormente crear el\u00a0Comando Nacional de Trabajadores.\n<br><\/br>\nA fines de ese mismo a\u00f1o, el 3 de diciembre (poco despu\u00e9s del asesinato de Tucapel J\u00edmenez), Bustos fue arrestado y expulsado del pa\u00eds por presentar el documento denominado\u00a0Pliego de Chile; fue puesto en un avi\u00f3n con destino a Brasil, y de ah\u00ed se traslad\u00f3, en calidad de exiliado, a\u00a0Italia.\u00a0Bustos regres\u00f3 al pa\u00eds en octubre de 1983 y continu\u00f3 con la lucha sindical, situ\u00e1ndose en 1985 a la cabeza del\u00a0Comando Nacional de Trabajadores (CNT). En septiembre de 1988 fue elegido presidente de la\u00a0Central Unitaria de Trabajadores (CUT), luego de haber estado ocho meses\u00a0relegado\u00a0por infracci\u00f3n a la\u00a0Ley de Seguridad Interior del Estado. En 1990 asumi\u00f3 como miembro del\u00a0Consejo de Administraci\u00f3n de la Organizaci\u00f3n Internacional del Trabajo (OIT).\n<br><\/br>\nFervoroso cat\u00f3lico, desde muy joven Manuel Bustos demostr\u00f3 sus cualidades innatas de dirigente:\u00a0directo, sincero\u00a0y hombre muy\u00a0consecuente. En las elecciones de 1997, Bustos result\u00f3 electo\u00a0diputado\u00a0por el distrito 17 \u00a0y desde marzo de 1999 encabez\u00f3 la\u00a0Comisi\u00f3n de Trabajo y Seguridad Social de la C\u00e1mara Baja, donde desarroll\u00f3 una fruct\u00edfera labor.\n<br><\/br>\nFalleci\u00f3 el d\u00eda 27 de septiembre de 1999. La eucarist\u00eda para despedir sus restos fue presidida por el arzobispo de Santiago, monse\u00f1or Francisco Javier Err\u00e1zuriz. A ella asistieron representantes de todos los sectores pol\u00edticos y sociales.\n<\/div>\n\t\t\t\n\t\t\t\t\t\t<div class=\"elementor-testimonial-meta elementor-has-image elementor-testimonial-image-position-aside\">\n\t\t\t\t<div class=\"elementor-testimonial-meta-inner\">\n\t\t\t\t\t\t\t\t\t\t\t<div class=\"elementor-testimonial-image\">\n\t\t\t\t\t\t\t<img decoding=\"async\" width=\"150\" height=\"150\" src=\"https:\/\/nunoa.cl\/nunoapatrimonial\/wp-content\/uploads\/2022\/08\/Manuel-Bustos-Huerta-150x150.jpg\" class=\"attachment-thumbnail size-thumbnail wp-image-2969\" alt=\"\" srcset=\"https:\/\/nunoa.cl\/nunoapatrimonial\/wp-content\/uploads\/2022\/08\/Manuel-Bustos-Huerta-150x150.jpg 150w, https:\/\/nunoa.cl\/nunoapatrimonial\/wp-content\/uploads\/2022\/08\/Manuel-Bustos-Huerta-80x80.jpg 80w, https:\/\/nunoa.cl\/nunoapatrimonial\/wp-content\/uploads\/2022\/08\/Manuel-Bustos-Huerta-300x300.jpg 300w, https:\/\/nunoa.cl\/nunoapatrimonial\/wp-content\/uploads\/2022\/08\/Manuel-Bustos-Huerta-100x100.jpg 100w\" sizes=\"(max-width: 150px) 100vw, 150px\" \/>\t\t\t\t\t\t<\/div>\n\t\t\t\t\t\n\t\t\t\t\t\t\t\t\t\t<div class=\"elementor-testimonial-details\">\n\t\t\t\t\t\t\t\t\t\t\t\t\t\t<div class=\"elementor-testimonial-name\">Manuel Bustos Huerta<\/div>\n\t\t\t\t\t\t\t\t\t\t\t\t\t\t\t\t\t\t\t\t\t\t<div class=\"elementor-testimonial-job\">Sindicalista y Pol\u00edtico Chileno<\/div>\n\t\t\t\t\t\t\t\t\t\t\t\t\t<\/div>\n\t\t\t\t\t\t\t\t\t<\/div>\n\t\t\t<\/div>\n\t\t\t\t\t<\/div>\n\t\t\t\t\t\t<\/div>\n\t\t\t\t<\/div>\n\t\t\t\t\t<\/div>\n\t\t<\/div>\n\t\t\t\t\t<\/div>\n\t\t<\/section>\n\t\t\t\t\t<\/div>\n\t\t<\/div>\n\t\t\t\t\t<\/div>\n\t\t<\/section>\n\t\t\t\t<\/div>\n\t\t","protected":false},"excerpt":{"rendered":"<p>Manuel Bustos Huerta Naci\u00f3 el 2 de diciembre de 1943. \u00a0El a\u00f1o 1963, tras haber terminado el Servicio Militar, Manuel Bustos ya no regres\u00f3 al campo. Se traslad\u00f3 a Santiago para probar suerte y entr\u00f3 a trabajar como mozo en un restaurante. Luego de un breve paso por la empresa textil\u00a0Andina,\u00a0deriv\u00f3 a\u00a0Sumar,\u00a0industria del mismo rubro. Antes de un a\u00f1o ya era\u00a0delegado sindical; paralelamente, se hab\u00eda ido formando, con estudios de mec\u00e1nica en\u00a0Inacap,\u00a0de econom\u00eda en el\u00a0Instituto Latinoamericano de Estudios Sociales (Ilades), y de formaci\u00f3n sindical en la\u00a0Vicar\u00eda de la Pastoral Social. Luego de dos a\u00f1os en la industria, en 1969 se convirti\u00f3 en presidente del\u00a0Sindicato de Trabajadores, cargo que ejerci\u00f3 \u00a0hasta 1986. Cuando se produjo el\u00a0Golpe de Estado\u00a0de 1973, Bustos era dirigente de la\u00a0Federaci\u00f3n Textil\u00a0y de la\u00a0Central \u00danica de Trabajadores (CUT). Fue detenido el d\u00eda 12 de septiembre junto a otros sindicalistas, y se le recluy\u00f3 primero en el\u00a0Estadio Chile\u00a0y luego en el\u00a0Estadio Nacional.\u00a0Tras permanecer en este recinto, estuvo 15 meses en la\u00a0C\u00e1rcel P\u00fablica.\u00a0En 1976, Bustos fue uno de los fundadores del denominado\u00a0Grupo de los 10, integrado, entre otros l\u00edderes sindicales, por\u00a0Tucapel Jim\u00e9nez. Este surgi\u00f3 en respuesta a la cancelaci\u00f3n de los derechos laborales por parte del entonces ministro del Trabajo,\u00a0Sergio Fern\u00e1ndez. Su inter\u00e9s por coordinar el movimiento sindical lo llev\u00f3, en 1981, a formar la\u00a0Coordinadora Nacional Sindical (CNS), integrada por dirigentes sindicales de todas las corrientes opositoras al r\u00e9gimen militar, y que sirvi\u00f3 de base para posteriormente crear el\u00a0Comando Nacional de Trabajadores. A fines de ese mismo a\u00f1o, el 3 de diciembre (poco despu\u00e9s del asesinato de Tucapel J\u00edmenez), Bustos fue arrestado y expulsado del pa\u00eds por presentar el documento denominado\u00a0Pliego de Chile; fue puesto en un avi\u00f3n con destino a Brasil, y de ah\u00ed se traslad\u00f3, en calidad de exiliado, a\u00a0Italia.\u00a0Bustos regres\u00f3 al pa\u00eds en octubre de 1983 y continu\u00f3 con la lucha sindical, situ\u00e1ndose en 1985 a la cabeza del\u00a0Comando Nacional de Trabajadores (CNT). En septiembre de 1988 fue elegido presidente de la\u00a0Central Unitaria de Trabajadores (CUT), luego de haber estado ocho meses\u00a0relegado\u00a0por infracci\u00f3n a la\u00a0Ley de Seguridad Interior del Estado. En 1990 asumi\u00f3 como miembro del\u00a0Consejo de Administraci\u00f3n de la Organizaci\u00f3n Internacional del Trabajo (OIT). Fervoroso cat\u00f3lico, desde muy joven Manuel Bustos demostr\u00f3 sus cualidades innatas de dirigente:\u00a0directo, sincero\u00a0y hombre muy\u00a0consecuente. En las elecciones de 1997, Bustos result\u00f3 electo\u00a0diputado\u00a0por el distrito 17 \u00a0y desde marzo de 1999 encabez\u00f3 la\u00a0Comisi\u00f3n de Trabajo y Seguridad Social de la C\u00e1mara Baja, donde desarroll\u00f3 una fruct\u00edfera labor. Falleci\u00f3 el d\u00eda 27 de septiembre de 1999. La eucarist\u00eda para despedir sus restos fue presidida por el arzobispo de Santiago, monse\u00f1or Francisco Javier Err\u00e1zuriz. A ella asistieron representantes de todos los sectores pol\u00edticos y sociales. Manuel Bustos Huerta Sindicalista y Pol\u00edtico Chileno<\/p>\n","protected":false},"author":1,"featured_media":2969,"comment_status":"closed","ping_status":"closed","sticky":false,"template":"","format":"standard","meta":{"_uag_custom_page_level_css":"","footnotes":""},"categories":[50,43,48],"tags":[],"class_list":["post-2967","post","type-post","status-publish","format-standard","has-post-thumbnail","hentry","category-memoria","category-patrimonio","category-vecinos_ilustres"],"uagb_featured_image_src":{"full":["https:\/\/nunoa.cl\/nunoapatrimonial\/wp-content\/uploads\/2022\/08\/Manuel-Bustos-Huerta.jpg",500,450,false],"thumbnail":["https:\/\/nunoa.cl\/nunoapatrimonial\/wp-content\/uploads\/2022\/08\/Manuel-Bustos-Huerta-150x150.jpg",150,150,true],"medium":["https:\/\/nunoa.cl\/nunoapatrimonial\/wp-content\/uploads\/2022\/08\/Manuel-Bustos-Huerta-300x270.jpg",300,270,true],"medium_large":["https:\/\/nunoa.cl\/nunoapatrimonial\/wp-content\/uploads\/2022\/08\/Manuel-Bustos-Huerta.jpg",500,450,false],"large":["https:\/\/nunoa.cl\/nunoapatrimonial\/wp-content\/uploads\/2022\/08\/Manuel-Bustos-Huerta.jpg",500,450,false],"1536x1536":["https:\/\/nunoa.cl\/nunoapatrimonial\/wp-content\/uploads\/2022\/08\/Manuel-Bustos-Huerta.jpg",500,450,false],"2048x2048":["https:\/\/nunoa.cl\/nunoapatrimonial\/wp-content\/uploads\/2022\/08\/Manuel-Bustos-Huerta.jpg",500,450,false],"appart_350x360":["https:\/\/nunoa.cl\/nunoapatrimonial\/wp-content\/uploads\/2022\/08\/Manuel-Bustos-Huerta-350x360.jpg",350,360,true],"appart_350x400":["https:\/\/nunoa.cl\/nunoapatrimonial\/wp-content\/uploads\/2022\/08\/Manuel-Bustos-Huerta-350x400.jpg",350,400,true],"appart_80x80":["https:\/\/nunoa.cl\/nunoapatrimonial\/wp-content\/uploads\/2022\/08\/Manuel-Bustos-Huerta-80x80.jpg",80,80,true],"appart_570x340":["https:\/\/nunoa.cl\/nunoapatrimonial\/wp-content\/uploads\/2022\/08\/Manuel-Bustos-Huerta-500x340.jpg",500,340,true],"appart_100x80":["https:\/\/nunoa.cl\/nunoapatrimonial\/wp-content\/uploads\/2022\/08\/Manuel-Bustos-Huerta-100x80.jpg",100,80,true],"appart_750x400":["https:\/\/nunoa.cl\/nunoapatrimonial\/wp-content\/uploads\/2022\/08\/Manuel-Bustos-Huerta-500x400.jpg",500,400,true],"alm-thumbnail":["https:\/\/nunoa.cl\/nunoapatrimonial\/wp-content\/uploads\/2022\/08\/Manuel-Bustos-Huerta.jpg",150,135,false]},"uagb_author_info":{"display_name":"ADMIN","author_link":"https:\/\/nunoa.cl\/nunoapatrimonial\/author\/admin\/"},"uagb_comment_info":0,"uagb_excerpt":"Manuel Bustos Huerta Naci\u00f3 el 2 de diciembre de 1943. \u00a0El a\u00f1o 1963, tras haber terminado el Servicio Militar, Manuel Bustos ya no regres\u00f3 al campo. Se traslad\u00f3 a Santiago para probar suerte y entr\u00f3 a trabajar como mozo en un restaurante. Luego de un breve paso por la empresa textil\u00a0Andina,\u00a0deriv\u00f3 a\u00a0Sumar,\u00a0industria del mismo rubro.&hellip;","_links":{"self":[{"href":"https:\/\/nunoa.cl\/nunoapatrimonial\/wp-json\/wp\/v2\/posts\/2967","targetHints":{"allow":["GET"]}}],"collection":[{"href":"https:\/\/nunoa.cl\/nunoapatrimonial\/wp-json\/wp\/v2\/posts"}],"about":[{"href":"https:\/\/nunoa.cl\/nunoapatrimonial\/wp-json\/wp\/v2\/types\/post"}],"author":[{"embeddable":true,"href":"https:\/\/nunoa.cl\/nunoapatrimonial\/wp-json\/wp\/v2\/users\/1"}],"replies":[{"embeddable":true,"href":"https:\/\/nunoa.cl\/nunoapatrimonial\/wp-json\/wp\/v2\/comments?post=2967"}],"version-history":[{"count":0,"href":"https:\/\/nunoa.cl\/nunoapatrimonial\/wp-json\/wp\/v2\/posts\/2967\/revisions"}],"wp:featuredmedia":[{"embeddable":true,"href":"https:\/\/nunoa.cl\/nunoapatrimonial\/wp-json\/wp\/v2\/media\/2969"}],"wp:attachment":[{"href":"https:\/\/nunoa.cl\/nunoapatrimonial\/wp-json\/wp\/v2\/media?parent=2967"}],"wp:term":[{"taxonomy":"category","embeddable":true,"href":"https:\/\/nunoa.cl\/nunoapatrimonial\/wp-json\/wp\/v2\/categories?post=2967"},{"taxonomy":"post_tag","embeddable":true,"href":"https:\/\/nunoa.cl\/nunoapatrimonial\/wp-json\/wp\/v2\/tags?post=2967"}],"curies":[{"name":"wp","href":"https:\/\/api.w.org\/{rel}","templated":true}]}}