{"id":2960,"date":"2022-08-18T17:01:54","date_gmt":"2022-08-18T17:01:54","guid":{"rendered":"https:\/\/nunoa.cl\/nunoapatrimonial\/?p=2960"},"modified":"2022-09-22T18:53:27","modified_gmt":"2022-09-22T18:53:27","slug":"maite-fernandez","status":"publish","type":"post","link":"https:\/\/nunoa.cl\/nunoapatrimonial\/maite-fernandez\/","title":{"rendered":"Mait\u00e9 Fern\u00e1ndez"},"content":{"rendered":"\t\t<div data-elementor-type=\"wp-post\" data-elementor-id=\"2960\" class=\"elementor elementor-2960\">\n\t\t\t\t\t\t<section class=\"elementor-section elementor-top-section elementor-element elementor-element-72ea24b4 elementor-section-boxed elementor-section-height-default elementor-section-height-default wpr-particle-no wpr-jarallax-no wpr-parallax-no wpr-sticky-section-no\" data-id=\"72ea24b4\" data-element_type=\"section\" data-e-type=\"section\">\n\t\t\t\t\t\t<div class=\"elementor-container elementor-column-gap-default\">\n\t\t\t\t\t<div class=\"elementor-column elementor-col-100 elementor-top-column elementor-element elementor-element-19151447\" data-id=\"19151447\" data-element_type=\"column\" data-e-type=\"column\">\n\t\t\t<div class=\"elementor-widget-wrap elementor-element-populated\">\n\t\t\t\t\t\t<div class=\"elementor-element elementor-element-416c4c95 animated-slow elementor-invisible elementor-widget elementor-widget-heading\" data-id=\"416c4c95\" data-element_type=\"widget\" data-e-type=\"widget\" data-settings=\"{&quot;_animation&quot;:&quot;fadeInUp&quot;}\" data-widget_type=\"heading.default\">\n\t\t\t\t<div class=\"elementor-widget-container\">\n\t\t\t\t\t<h2 class=\"elementor-heading-title elementor-size-default\">Mait\u00e9 Fern\u00e1ndez<\/h2>\t\t\t\t<\/div>\n\t\t\t\t<\/div>\n\t\t\t\t\t<\/div>\n\t\t<\/div>\n\t\t\t\t\t<\/div>\n\t\t<\/section>\n\t\t\t\t<section class=\"elementor-section elementor-top-section elementor-element elementor-element-6ec17ce5 scrollRaul elementor-section-boxed elementor-section-height-default elementor-section-height-default wpr-particle-no wpr-jarallax-no wpr-parallax-no wpr-sticky-section-no\" data-id=\"6ec17ce5\" data-element_type=\"section\" data-e-type=\"section\">\n\t\t\t\t\t\t<div class=\"elementor-container elementor-column-gap-default\">\n\t\t\t\t\t<div class=\"elementor-column elementor-col-100 elementor-top-column elementor-element elementor-element-5c7c2100\" data-id=\"5c7c2100\" data-element_type=\"column\" data-e-type=\"column\">\n\t\t\t<div class=\"elementor-widget-wrap elementor-element-populated\">\n\t\t\t\t\t\t<section class=\"elementor-section elementor-inner-section elementor-element elementor-element-75b7a562 elementor-section-content-middle elementor-section-boxed elementor-section-height-default elementor-section-height-default wpr-particle-no wpr-jarallax-no wpr-parallax-no wpr-sticky-section-no\" data-id=\"75b7a562\" data-element_type=\"section\" data-e-type=\"section\">\n\t\t\t\t\t\t<div class=\"elementor-container elementor-column-gap-extended\">\n\t\t\t\t\t<div class=\"elementor-column elementor-col-100 elementor-inner-column elementor-element elementor-element-7471376\" data-id=\"7471376\" data-element_type=\"column\" data-e-type=\"column\">\n\t\t\t<div class=\"elementor-widget-wrap elementor-element-populated\">\n\t\t\t\t\t\t<div class=\"elementor-element elementor-element-3fa9805d elementor-widget elementor-widget-testimonial\" data-id=\"3fa9805d\" data-element_type=\"widget\" data-e-type=\"widget\" data-widget_type=\"testimonial.default\">\n\t\t\t\t<div class=\"elementor-widget-container\">\n\t\t\t\t\t\t\t<div class=\"elementor-testimonial-wrapper\">\n\t\t\t\t\t\t\t<div class=\"elementor-testimonial-content\"><p align=\"justify\">Naci\u00f3 en Argentina en 1924, y emigr\u00f3 a Chile en 1949 y se nacionaliz\u00f3 chilena en 1958. Estudi\u00f3 en la\u00a0Escuela de Teatro de la Universidad de Chile\u00a0y uno de sus primeros trabajos fue en el radioteatro, con \u201cEl gran teatro de la historia\u201d.\n<br><\/br>\nEl debut teatral de Fern\u00e1ndez fue con \u201cLas troyanas\u201d en 1956, en la Universidad de Chile. En 1967 ingresa al\u00a0Teatro Teknos, pero es junto a la compa\u00f1\u00eda\u00a0Ictus,\u00a0desde 1977 a 1993, donde realiza sus trabajos m\u00e1s reconocidos: \u201cPedro, Juan y Diego\u201c, \u201cCuantos a\u00f1os tiene un d\u00eda\u201d y \u201cLa mar estaba serena\u201c, \u201cEl Gran Teatro del Mundo\u201d, \u201cUn vestido de seda\u201d, \u201cPrimavera con una esquina rota\u201d y \u201cProhibido suicidarse en democracia\u201d , entre muchas otras. Adem\u00e1s, form\u00f3 parte del Teatro Ictus por casi 24 a\u00f1os.\n<br><\/br>\nEn 1993 crea el \u201cTeatro Itinerante La Ventana\u201d, con el que se dirige a diferentes regiones de Chile y a la Patagonia argentina para llegar a p\u00fablicos que dif\u00edcilmente pueden presenciar espect\u00e1culos art\u00edsticos, como la obra escrita por ella misma \u201cSe\u00f1oras chilenas\u201d.El a\u00f1o 2001 obtiene el\u00a0Premio Altazor en 2001 como la\u00a0Mejor Actriz de Teatro\u00a0por su actuaci\u00f3n en la obra \u201cSantas, v\u00edrgenes y m\u00e1rtires\u201d.\n<br><\/br>\nFalleci\u00f3 producto de un tumor cerebral que la aquejaba hace a\u00f1os el 29 de noviembre de 2010 a las 20:10 horas.<\/div>\n\t\t\t\n\t\t\t\t\t\t<div class=\"elementor-testimonial-meta elementor-has-image elementor-testimonial-image-position-aside\">\n\t\t\t\t<div class=\"elementor-testimonial-meta-inner\">\n\t\t\t\t\t\t\t\t\t\t\t<div class=\"elementor-testimonial-image\">\n\t\t\t\t\t\t\t<img decoding=\"async\" width=\"150\" height=\"150\" src=\"https:\/\/nunoa.cl\/nunoapatrimonial\/wp-content\/uploads\/2022\/08\/NN-002667-1200x1212-1-150x150.jpg\" class=\"attachment-thumbnail size-thumbnail wp-image-2962\" alt=\"\" srcset=\"https:\/\/nunoa.cl\/nunoapatrimonial\/wp-content\/uploads\/2022\/08\/NN-002667-1200x1212-1-150x150.jpg 150w, https:\/\/nunoa.cl\/nunoapatrimonial\/wp-content\/uploads\/2022\/08\/NN-002667-1200x1212-1-1014x1024.jpg 1014w, https:\/\/nunoa.cl\/nunoapatrimonial\/wp-content\/uploads\/2022\/08\/NN-002667-1200x1212-1-80x80.jpg 80w, https:\/\/nunoa.cl\/nunoapatrimonial\/wp-content\/uploads\/2022\/08\/NN-002667-1200x1212-1-300x300.jpg 300w, https:\/\/nunoa.cl\/nunoapatrimonial\/wp-content\/uploads\/2022\/08\/NN-002667-1200x1212-1-100x100.jpg 100w\" sizes=\"(max-width: 150px) 100vw, 150px\" \/>\t\t\t\t\t\t<\/div>\n\t\t\t\t\t\n\t\t\t\t\t\t\t\t\t\t<div class=\"elementor-testimonial-details\">\n\t\t\t\t\t\t\t\t\t\t\t\t\t\t<div class=\"elementor-testimonial-name\">Mait\u00e9 Fern\u00e1ndez<\/div>\n\t\t\t\t\t\t\t\t\t\t\t\t\t\t\t\t\t\t\t\t\t\t<div class=\"elementor-testimonial-job\">Actriz, Dramaturga y Compositora Argento-Chilena.\u200b<\/div>\n\t\t\t\t\t\t\t\t\t\t\t\t\t<\/div>\n\t\t\t\t\t\t\t\t\t<\/div>\n\t\t\t<\/div>\n\t\t\t\t\t<\/div>\n\t\t\t\t\t\t<\/div>\n\t\t\t\t<\/div>\n\t\t\t\t\t<\/div>\n\t\t<\/div>\n\t\t\t\t\t<\/div>\n\t\t<\/section>\n\t\t\t\t\t<\/div>\n\t\t<\/div>\n\t\t\t\t\t<\/div>\n\t\t<\/section>\n\t\t\t\t<\/div>\n\t\t","protected":false},"excerpt":{"rendered":"<p>Mait\u00e9 Fern\u00e1ndez Naci\u00f3 en Argentina en 1924, y emigr\u00f3 a Chile en 1949 y se nacionaliz\u00f3 chilena en 1958. Estudi\u00f3 en la\u00a0Escuela de Teatro de la Universidad de Chile\u00a0y uno de sus primeros trabajos fue en el radioteatro, con \u201cEl gran teatro de la historia\u201d. El debut teatral de Fern\u00e1ndez fue con \u201cLas troyanas\u201d en 1956, en la Universidad de Chile. En 1967 ingresa al\u00a0Teatro Teknos, pero es junto a la compa\u00f1\u00eda\u00a0Ictus,\u00a0desde 1977 a 1993, donde realiza sus trabajos m\u00e1s reconocidos: \u201cPedro, Juan y Diego\u201c, \u201cCuantos a\u00f1os tiene un d\u00eda\u201d y \u201cLa mar estaba serena\u201c, \u201cEl Gran Teatro del Mundo\u201d, \u201cUn vestido de seda\u201d, \u201cPrimavera con una esquina rota\u201d y \u201cProhibido suicidarse en democracia\u201d , entre muchas otras. Adem\u00e1s, form\u00f3 parte del Teatro Ictus por casi 24 a\u00f1os. En 1993 crea el \u201cTeatro Itinerante La Ventana\u201d, con el que se dirige a diferentes regiones de Chile y a la Patagonia argentina para llegar a p\u00fablicos que dif\u00edcilmente pueden presenciar espect\u00e1culos art\u00edsticos, como la obra escrita por ella misma \u201cSe\u00f1oras chilenas\u201d.El a\u00f1o 2001 obtiene el\u00a0Premio Altazor en 2001 como la\u00a0Mejor Actriz de Teatro\u00a0por su actuaci\u00f3n en la obra \u201cSantas, v\u00edrgenes y m\u00e1rtires\u201d. Falleci\u00f3 producto de un tumor cerebral que la aquejaba hace a\u00f1os el 29 de noviembre de 2010 a las 20:10 horas. Mait\u00e9 Fern\u00e1ndez Actriz, Dramaturga y Compositora Argento-Chilena.\u200b<\/p>\n","protected":false},"author":1,"featured_media":2962,"comment_status":"closed","ping_status":"closed","sticky":false,"template":"","format":"standard","meta":{"_uag_custom_page_level_css":"","footnotes":""},"categories":[50,43,48],"tags":[],"class_list":["post-2960","post","type-post","status-publish","format-standard","has-post-thumbnail","hentry","category-memoria","category-patrimonio","category-vecinos_ilustres"],"uagb_featured_image_src":{"full":["https:\/\/nunoa.cl\/nunoapatrimonial\/wp-content\/uploads\/2022\/08\/NN-002667-1200x1212-1.jpg",1200,1212,false],"thumbnail":["https:\/\/nunoa.cl\/nunoapatrimonial\/wp-content\/uploads\/2022\/08\/NN-002667-1200x1212-1-150x150.jpg",150,150,true],"medium":["https:\/\/nunoa.cl\/nunoapatrimonial\/wp-content\/uploads\/2022\/08\/NN-002667-1200x1212-1-297x300.jpg",297,300,true],"medium_large":["https:\/\/nunoa.cl\/nunoapatrimonial\/wp-content\/uploads\/2022\/08\/NN-002667-1200x1212-1-768x776.jpg",768,776,true],"large":["https:\/\/nunoa.cl\/nunoapatrimonial\/wp-content\/uploads\/2022\/08\/NN-002667-1200x1212-1-1014x1024.jpg",1014,1024,true],"1536x1536":["https:\/\/nunoa.cl\/nunoapatrimonial\/wp-content\/uploads\/2022\/08\/NN-002667-1200x1212-1.jpg",1200,1212,false],"2048x2048":["https:\/\/nunoa.cl\/nunoapatrimonial\/wp-content\/uploads\/2022\/08\/NN-002667-1200x1212-1.jpg",1200,1212,false],"appart_350x360":["https:\/\/nunoa.cl\/nunoapatrimonial\/wp-content\/uploads\/2022\/08\/NN-002667-1200x1212-1-350x360.jpg",350,360,true],"appart_350x400":["https:\/\/nunoa.cl\/nunoapatrimonial\/wp-content\/uploads\/2022\/08\/NN-002667-1200x1212-1-350x400.jpg",350,400,true],"appart_80x80":["https:\/\/nunoa.cl\/nunoapatrimonial\/wp-content\/uploads\/2022\/08\/NN-002667-1200x1212-1-80x80.jpg",80,80,true],"appart_570x340":["https:\/\/nunoa.cl\/nunoapatrimonial\/wp-content\/uploads\/2022\/08\/NN-002667-1200x1212-1-570x340.jpg",570,340,true],"appart_100x80":["https:\/\/nunoa.cl\/nunoapatrimonial\/wp-content\/uploads\/2022\/08\/NN-002667-1200x1212-1-100x80.jpg",100,80,true],"appart_750x400":["https:\/\/nunoa.cl\/nunoapatrimonial\/wp-content\/uploads\/2022\/08\/NN-002667-1200x1212-1-750x400.jpg",750,400,true],"alm-thumbnail":["https:\/\/nunoa.cl\/nunoapatrimonial\/wp-content\/uploads\/2022\/08\/NN-002667-1200x1212-1.jpg",150,150,false]},"uagb_author_info":{"display_name":"ADMIN","author_link":"https:\/\/nunoa.cl\/nunoapatrimonial\/author\/admin\/"},"uagb_comment_info":0,"uagb_excerpt":"Mait\u00e9 Fern\u00e1ndez Naci\u00f3 en Argentina en 1924, y emigr\u00f3 a Chile en 1949 y se nacionaliz\u00f3 chilena en 1958. Estudi\u00f3 en la\u00a0Escuela de Teatro de la Universidad de Chile\u00a0y uno de sus primeros trabajos fue en el radioteatro, con \u201cEl gran teatro de la historia\u201d. El debut teatral de Fern\u00e1ndez fue con \u201cLas troyanas\u201d en&hellip;","_links":{"self":[{"href":"https:\/\/nunoa.cl\/nunoapatrimonial\/wp-json\/wp\/v2\/posts\/2960","targetHints":{"allow":["GET"]}}],"collection":[{"href":"https:\/\/nunoa.cl\/nunoapatrimonial\/wp-json\/wp\/v2\/posts"}],"about":[{"href":"https:\/\/nunoa.cl\/nunoapatrimonial\/wp-json\/wp\/v2\/types\/post"}],"author":[{"embeddable":true,"href":"https:\/\/nunoa.cl\/nunoapatrimonial\/wp-json\/wp\/v2\/users\/1"}],"replies":[{"embeddable":true,"href":"https:\/\/nunoa.cl\/nunoapatrimonial\/wp-json\/wp\/v2\/comments?post=2960"}],"version-history":[{"count":0,"href":"https:\/\/nunoa.cl\/nunoapatrimonial\/wp-json\/wp\/v2\/posts\/2960\/revisions"}],"wp:featuredmedia":[{"embeddable":true,"href":"https:\/\/nunoa.cl\/nunoapatrimonial\/wp-json\/wp\/v2\/media\/2962"}],"wp:attachment":[{"href":"https:\/\/nunoa.cl\/nunoapatrimonial\/wp-json\/wp\/v2\/media?parent=2960"}],"wp:term":[{"taxonomy":"category","embeddable":true,"href":"https:\/\/nunoa.cl\/nunoapatrimonial\/wp-json\/wp\/v2\/categories?post=2960"},{"taxonomy":"post_tag","embeddable":true,"href":"https:\/\/nunoa.cl\/nunoapatrimonial\/wp-json\/wp\/v2\/tags?post=2960"}],"curies":[{"name":"wp","href":"https:\/\/api.w.org\/{rel}","templated":true}]}}