{"id":2933,"date":"2022-08-18T16:43:38","date_gmt":"2022-08-18T16:43:38","guid":{"rendered":"https:\/\/nunoa.cl\/nunoapatrimonial\/?p=2933"},"modified":"2022-09-22T18:26:12","modified_gmt":"2022-09-22T18:26:12","slug":"hector-pavez","status":"publish","type":"post","link":"https:\/\/nunoa.cl\/nunoapatrimonial\/hector-pavez\/","title":{"rendered":"H\u00e9ctor P\u00e1vez"},"content":{"rendered":"\t\t<div data-elementor-type=\"wp-post\" data-elementor-id=\"2933\" class=\"elementor elementor-2933\">\n\t\t\t\t\t\t<section class=\"elementor-section elementor-top-section elementor-element elementor-element-1cfcb9bb elementor-section-boxed elementor-section-height-default elementor-section-height-default wpr-particle-no wpr-jarallax-no wpr-parallax-no wpr-sticky-section-no\" data-id=\"1cfcb9bb\" data-element_type=\"section\" data-e-type=\"section\">\n\t\t\t\t\t\t<div class=\"elementor-container elementor-column-gap-default\">\n\t\t\t\t\t<div class=\"elementor-column elementor-col-100 elementor-top-column elementor-element elementor-element-66425d9a\" data-id=\"66425d9a\" data-element_type=\"column\" data-e-type=\"column\">\n\t\t\t<div class=\"elementor-widget-wrap elementor-element-populated\">\n\t\t\t\t\t\t<div class=\"elementor-element elementor-element-87c470a animated-slow elementor-invisible elementor-widget elementor-widget-heading\" data-id=\"87c470a\" data-element_type=\"widget\" data-e-type=\"widget\" data-settings=\"{&quot;_animation&quot;:&quot;fadeInUp&quot;}\" data-widget_type=\"heading.default\">\n\t\t\t\t<div class=\"elementor-widget-container\">\n\t\t\t\t\t<h2 class=\"elementor-heading-title elementor-size-default\">H\u00e9ctor P\u00e1vez<\/h2>\t\t\t\t<\/div>\n\t\t\t\t<\/div>\n\t\t\t\t\t<\/div>\n\t\t<\/div>\n\t\t\t\t\t<\/div>\n\t\t<\/section>\n\t\t\t\t<section class=\"elementor-section elementor-top-section elementor-element elementor-element-32b4eff7 scrollRaul elementor-section-boxed elementor-section-height-default elementor-section-height-default wpr-particle-no wpr-jarallax-no wpr-parallax-no wpr-sticky-section-no\" data-id=\"32b4eff7\" data-element_type=\"section\" data-e-type=\"section\">\n\t\t\t\t\t\t<div class=\"elementor-container elementor-column-gap-default\">\n\t\t\t\t\t<div class=\"elementor-column elementor-col-100 elementor-top-column elementor-element elementor-element-c75da8a\" data-id=\"c75da8a\" data-element_type=\"column\" data-e-type=\"column\">\n\t\t\t<div class=\"elementor-widget-wrap elementor-element-populated\">\n\t\t\t\t\t\t<section class=\"elementor-section elementor-inner-section elementor-element elementor-element-2e29fd0a elementor-section-content-middle elementor-section-boxed elementor-section-height-default elementor-section-height-default wpr-particle-no wpr-jarallax-no wpr-parallax-no wpr-sticky-section-no\" data-id=\"2e29fd0a\" data-element_type=\"section\" data-e-type=\"section\">\n\t\t\t\t\t\t<div class=\"elementor-container elementor-column-gap-extended\">\n\t\t\t\t\t<div class=\"elementor-column elementor-col-100 elementor-inner-column elementor-element elementor-element-6fcbcde3\" data-id=\"6fcbcde3\" data-element_type=\"column\" data-e-type=\"column\">\n\t\t\t<div class=\"elementor-widget-wrap elementor-element-populated\">\n\t\t\t\t\t\t<div class=\"elementor-element elementor-element-1df3797 elementor-widget elementor-widget-testimonial\" data-id=\"1df3797\" data-element_type=\"widget\" data-e-type=\"widget\" data-widget_type=\"testimonial.default\">\n\t\t\t\t<div class=\"elementor-widget-container\">\n\t\t\t\t\t\t\t<div class=\"elementor-testimonial-wrapper\">\n\t\t\t\t\t\t\t<div class=\"elementor-testimonial-content\"><p align=\"justify\">El Indio Pavez naci\u00f3 en Santiago el a\u00f1o 1932. Su labor vinculada a la m\u00fasica empez\u00f3 en sus a\u00f1os de incursi\u00f3n en ballet, cuando estudiaba en el Teatro Experimental de la Universidad de Chile.\nEsta labor se consolid\u00f3 con su ingreso al grupo Millaray, el a\u00f1o 1959, instancia en la que conoci\u00f3 a Gabriela Pizarro, quien ser\u00eda su esposa. Influido por Margot Loyola y Violeta Parra, el grupo realiz\u00f3 un acabado trabajo de investigaci\u00f3n y recopilaci\u00f3n folcl\u00f3rica en Chilo\u00e9, luego de lo cual Pavez decidi\u00f3 abandonar el conjunto para iniciar su carrera de solista. Su primer disco lo grab\u00f3 para el sello Ode\u00f3n en 1967, y se llam\u00f3 H\u00e9ctor Pavez, canto y guitarra. Fue tambi\u00e9n un estrecho colaborador de Ren\u00e9 Largo Far\u00edas y su pe\u00f1a Chile r\u00ede y canta, con la cual visit\u00f3 Europa y Uni\u00f3n Sovi\u00e9tica.\n<br \/><br \/>\nHacia fines de la d\u00e9cada de 1960, Pavez se hab\u00eda consolidado como uno de los principales investigadores del folclor chileno. Hab\u00eda recopilado m\u00e1s de 120 piezas musicales y m\u00e1s de 15 danzas, en gran parte gracias a su participaci\u00f3n con el conjunto Millaray. Se transform\u00f3 adem\u00e1s, paulatinamente, en una de las caras m\u00e1s reconocibles de la Nueva Canci\u00f3n Chilena; fue el tiempo en que asumi\u00f3 un activo papel en la pol\u00edtica contingente, siendo nombrado en 1970 Presidente del Comit\u00e9 de Folcloristas de la Unidad Popular. Luego, en tiempos del gobierno de Salvador Allende, particip\u00f3 comprometidamente en muchas de las actividades de fomento de la cultura generadas por el Estado. En ese mismo tiempo, el a\u00f1o 1972, grab\u00f3 para el sello DICAP el LP H\u00e9ctor Pavez, folcl\u00f3rico y popular.\n<br \/><br \/>\nDebido a su compromiso pol\u00edtico, Pavez fue exiliado luego del Golpe de Estado. En 1974 parti\u00f3 a Par\u00eds, ciudad en la que fij\u00f3 su residencia y donde grab\u00f3 para el sello Chant du Monde su LP p\u00f3stumo, H\u00e9ctor Pavez, chant et danses du Chili, trabajo arreglado y dirigido por el compositor Edmundo V\u00e1squez. Fue en esa misma ciudad, lejos de su patria, donde falleci\u00f3 el 14 de julio de 1975.\n<\/div>\n\t\t\t\n\t\t\t\t\t\t<div class=\"elementor-testimonial-meta elementor-has-image elementor-testimonial-image-position-aside\">\n\t\t\t\t<div class=\"elementor-testimonial-meta-inner\">\n\t\t\t\t\t\t\t\t\t\t\t<div class=\"elementor-testimonial-image\">\n\t\t\t\t\t\t\t<img decoding=\"async\" width=\"150\" height=\"150\" src=\"https:\/\/nunoa.cl\/nunoapatrimonial\/wp-content\/uploads\/2022\/08\/Hector_Pavez-150x150.jpg\" class=\"attachment-thumbnail size-thumbnail wp-image-2935\" alt=\"\" srcset=\"https:\/\/nunoa.cl\/nunoapatrimonial\/wp-content\/uploads\/2022\/08\/Hector_Pavez-150x150.jpg 150w, https:\/\/nunoa.cl\/nunoapatrimonial\/wp-content\/uploads\/2022\/08\/Hector_Pavez-80x80.jpg 80w, https:\/\/nunoa.cl\/nunoapatrimonial\/wp-content\/uploads\/2022\/08\/Hector_Pavez-300x300.jpg 300w, https:\/\/nunoa.cl\/nunoapatrimonial\/wp-content\/uploads\/2022\/08\/Hector_Pavez-100x100.jpg 100w\" sizes=\"(max-width: 150px) 100vw, 150px\" \/>\t\t\t\t\t\t<\/div>\n\t\t\t\t\t\n\t\t\t\t\t\t\t\t\t\t<div class=\"elementor-testimonial-details\">\n\t\t\t\t\t\t\t\t\t\t\t\t\t\t<div class=\"elementor-testimonial-name\">H\u00e9ctor P\u00e1vez<\/div>\n\t\t\t\t\t\t\t\t\t\t\t\t\t\t\t\t\t\t\t\t\t\t<div class=\"elementor-testimonial-job\">Folclorista y Cantautor Chileno<\/div>\n\t\t\t\t\t\t\t\t\t\t\t\t\t<\/div>\n\t\t\t\t\t\t\t\t\t<\/div>\n\t\t\t<\/div>\n\t\t\t\t\t<\/div>\n\t\t\t\t\t\t<\/div>\n\t\t\t\t<\/div>\n\t\t\t\t\t<\/div>\n\t\t<\/div>\n\t\t\t\t\t<\/div>\n\t\t<\/section>\n\t\t\t\t\t<\/div>\n\t\t<\/div>\n\t\t\t\t\t<\/div>\n\t\t<\/section>\n\t\t\t\t<\/div>\n\t\t","protected":false},"excerpt":{"rendered":"<p>H\u00e9ctor P\u00e1vez El Indio Pavez naci\u00f3 en Santiago el a\u00f1o 1932. Su labor vinculada a la m\u00fasica empez\u00f3 en sus a\u00f1os de incursi\u00f3n en ballet, cuando estudiaba en el Teatro Experimental de la Universidad de Chile. Esta labor se consolid\u00f3 con su ingreso al grupo Millaray, el a\u00f1o 1959, instancia en la que conoci\u00f3 a Gabriela Pizarro, quien ser\u00eda su esposa. Influido por Margot Loyola y Violeta Parra, el grupo realiz\u00f3 un acabado trabajo de investigaci\u00f3n y recopilaci\u00f3n folcl\u00f3rica en Chilo\u00e9, luego de lo cual Pavez decidi\u00f3 abandonar el conjunto para iniciar su carrera de solista. Su primer disco lo grab\u00f3 para el sello Ode\u00f3n en 1967, y se llam\u00f3 H\u00e9ctor Pavez, canto y guitarra. Fue tambi\u00e9n un estrecho colaborador de Ren\u00e9 Largo Far\u00edas y su pe\u00f1a Chile r\u00ede y canta, con la cual visit\u00f3 Europa y Uni\u00f3n Sovi\u00e9tica. Hacia fines de la d\u00e9cada de 1960, Pavez se hab\u00eda consolidado como uno de los principales investigadores del folclor chileno. Hab\u00eda recopilado m\u00e1s de 120 piezas musicales y m\u00e1s de 15 danzas, en gran parte gracias a su participaci\u00f3n con el conjunto Millaray. Se transform\u00f3 adem\u00e1s, paulatinamente, en una de las caras m\u00e1s reconocibles de la Nueva Canci\u00f3n Chilena; fue el tiempo en que asumi\u00f3 un activo papel en la pol\u00edtica contingente, siendo nombrado en 1970 Presidente del Comit\u00e9 de Folcloristas de la Unidad Popular. Luego, en tiempos del gobierno de Salvador Allende, particip\u00f3 comprometidamente en muchas de las actividades de fomento de la cultura generadas por el Estado. En ese mismo tiempo, el a\u00f1o 1972, grab\u00f3 para el sello DICAP el LP H\u00e9ctor Pavez, folcl\u00f3rico y popular. Debido a su compromiso pol\u00edtico, Pavez fue exiliado luego del Golpe de Estado. En 1974 parti\u00f3 a Par\u00eds, ciudad en la que fij\u00f3 su residencia y donde grab\u00f3 para el sello Chant du Monde su LP p\u00f3stumo, H\u00e9ctor Pavez, chant et danses du Chili, trabajo arreglado y dirigido por el compositor Edmundo V\u00e1squez. Fue en esa misma ciudad, lejos de su patria, donde falleci\u00f3 el 14 de julio de 1975. H\u00e9ctor P\u00e1vez Folclorista y Cantautor Chileno<\/p>\n","protected":false},"author":1,"featured_media":2935,"comment_status":"closed","ping_status":"closed","sticky":false,"template":"","format":"standard","meta":{"_uag_custom_page_level_css":"","footnotes":""},"categories":[50,43,48],"tags":[],"class_list":["post-2933","post","type-post","status-publish","format-standard","has-post-thumbnail","hentry","category-memoria","category-patrimonio","category-vecinos_ilustres"],"uagb_featured_image_src":{"full":["https:\/\/nunoa.cl\/nunoapatrimonial\/wp-content\/uploads\/2022\/08\/Hector_Pavez.jpg",557,404,false],"thumbnail":["https:\/\/nunoa.cl\/nunoapatrimonial\/wp-content\/uploads\/2022\/08\/Hector_Pavez-150x150.jpg",150,150,true],"medium":["https:\/\/nunoa.cl\/nunoapatrimonial\/wp-content\/uploads\/2022\/08\/Hector_Pavez-300x218.jpg",300,218,true],"medium_large":["https:\/\/nunoa.cl\/nunoapatrimonial\/wp-content\/uploads\/2022\/08\/Hector_Pavez.jpg",557,404,false],"large":["https:\/\/nunoa.cl\/nunoapatrimonial\/wp-content\/uploads\/2022\/08\/Hector_Pavez.jpg",557,404,false],"1536x1536":["https:\/\/nunoa.cl\/nunoapatrimonial\/wp-content\/uploads\/2022\/08\/Hector_Pavez.jpg",557,404,false],"2048x2048":["https:\/\/nunoa.cl\/nunoapatrimonial\/wp-content\/uploads\/2022\/08\/Hector_Pavez.jpg",557,404,false],"appart_350x360":["https:\/\/nunoa.cl\/nunoapatrimonial\/wp-content\/uploads\/2022\/08\/Hector_Pavez-350x360.jpg",350,360,true],"appart_350x400":["https:\/\/nunoa.cl\/nunoapatrimonial\/wp-content\/uploads\/2022\/08\/Hector_Pavez-350x400.jpg",350,400,true],"appart_80x80":["https:\/\/nunoa.cl\/nunoapatrimonial\/wp-content\/uploads\/2022\/08\/Hector_Pavez-80x80.jpg",80,80,true],"appart_570x340":["https:\/\/nunoa.cl\/nunoapatrimonial\/wp-content\/uploads\/2022\/08\/Hector_Pavez-557x340.jpg",557,340,true],"appart_100x80":["https:\/\/nunoa.cl\/nunoapatrimonial\/wp-content\/uploads\/2022\/08\/Hector_Pavez-100x80.jpg",100,80,true],"appart_750x400":["https:\/\/nunoa.cl\/nunoapatrimonial\/wp-content\/uploads\/2022\/08\/Hector_Pavez-557x400.jpg",557,400,true],"alm-thumbnail":["https:\/\/nunoa.cl\/nunoapatrimonial\/wp-content\/uploads\/2022\/08\/Hector_Pavez.jpg",150,109,false]},"uagb_author_info":{"display_name":"ADMIN","author_link":"https:\/\/nunoa.cl\/nunoapatrimonial\/author\/admin\/"},"uagb_comment_info":0,"uagb_excerpt":"H\u00e9ctor P\u00e1vez El Indio Pavez naci\u00f3 en Santiago el a\u00f1o 1932. Su labor vinculada a la m\u00fasica empez\u00f3 en sus a\u00f1os de incursi\u00f3n en ballet, cuando estudiaba en el Teatro Experimental de la Universidad de Chile. Esta labor se consolid\u00f3 con su ingreso al grupo Millaray, el a\u00f1o 1959, instancia en la que conoci\u00f3 a&hellip;","_links":{"self":[{"href":"https:\/\/nunoa.cl\/nunoapatrimonial\/wp-json\/wp\/v2\/posts\/2933","targetHints":{"allow":["GET"]}}],"collection":[{"href":"https:\/\/nunoa.cl\/nunoapatrimonial\/wp-json\/wp\/v2\/posts"}],"about":[{"href":"https:\/\/nunoa.cl\/nunoapatrimonial\/wp-json\/wp\/v2\/types\/post"}],"author":[{"embeddable":true,"href":"https:\/\/nunoa.cl\/nunoapatrimonial\/wp-json\/wp\/v2\/users\/1"}],"replies":[{"embeddable":true,"href":"https:\/\/nunoa.cl\/nunoapatrimonial\/wp-json\/wp\/v2\/comments?post=2933"}],"version-history":[{"count":0,"href":"https:\/\/nunoa.cl\/nunoapatrimonial\/wp-json\/wp\/v2\/posts\/2933\/revisions"}],"wp:featuredmedia":[{"embeddable":true,"href":"https:\/\/nunoa.cl\/nunoapatrimonial\/wp-json\/wp\/v2\/media\/2935"}],"wp:attachment":[{"href":"https:\/\/nunoa.cl\/nunoapatrimonial\/wp-json\/wp\/v2\/media?parent=2933"}],"wp:term":[{"taxonomy":"category","embeddable":true,"href":"https:\/\/nunoa.cl\/nunoapatrimonial\/wp-json\/wp\/v2\/categories?post=2933"},{"taxonomy":"post_tag","embeddable":true,"href":"https:\/\/nunoa.cl\/nunoapatrimonial\/wp-json\/wp\/v2\/tags?post=2933"}],"curies":[{"name":"wp","href":"https:\/\/api.w.org\/{rel}","templated":true}]}}