{"id":2873,"date":"2022-08-17T19:52:49","date_gmt":"2022-08-17T19:52:49","guid":{"rendered":"https:\/\/nunoa.cl\/nunoapatrimonial\/?p=2873"},"modified":"2024-09-24T12:38:49","modified_gmt":"2024-09-24T12:38:49","slug":"mercedes-valdivieso","status":"publish","type":"post","link":"https:\/\/nunoa.cl\/nunoapatrimonial\/mercedes-valdivieso\/","title":{"rendered":"Mercedes Valdivieso"},"content":{"rendered":"\t\t<div data-elementor-type=\"wp-post\" data-elementor-id=\"2873\" class=\"elementor elementor-2873\">\n\t\t\t\t\t\t<section class=\"elementor-section elementor-top-section elementor-element elementor-element-12760120 elementor-section-boxed elementor-section-height-default elementor-section-height-default wpr-particle-no wpr-jarallax-no wpr-parallax-no wpr-sticky-section-no\" data-id=\"12760120\" data-element_type=\"section\" data-e-type=\"section\">\n\t\t\t\t\t\t<div class=\"elementor-container elementor-column-gap-default\">\n\t\t\t\t\t<div class=\"elementor-column elementor-col-100 elementor-top-column elementor-element elementor-element-735af82b letra\" data-id=\"735af82b\" data-element_type=\"column\" data-e-type=\"column\">\n\t\t\t<div class=\"elementor-widget-wrap elementor-element-populated\">\n\t\t\t\t\t\t<div class=\"elementor-element elementor-element-383d9a46 animated-slow elementor-invisible elementor-widget elementor-widget-heading\" data-id=\"383d9a46\" data-element_type=\"widget\" data-e-type=\"widget\" data-settings=\"{&quot;_animation&quot;:&quot;fadeInUp&quot;,&quot;_animation_delay&quot;:100}\" data-widget_type=\"heading.default\">\n\t\t\t\t<div class=\"elementor-widget-container\">\n\t\t\t\t\t<h1 class=\"elementor-heading-title elementor-size-default\"> \u201cSi preocuparse, haberse interesado en la otra mitad de la especie que no tiene voz es ser feminista, lo soy\u201d\n<\/h1>\t\t\t\t<\/div>\n\t\t\t\t<\/div>\n\t\t\t\t<div class=\"elementor-element elementor-element-564c72bc animated-slow elementor-invisible elementor-widget elementor-widget-heading\" data-id=\"564c72bc\" data-element_type=\"widget\" data-e-type=\"widget\" data-settings=\"{&quot;_animation&quot;:&quot;fadeInUp&quot;}\" data-widget_type=\"heading.default\">\n\t\t\t\t<div class=\"elementor-widget-container\">\n\t\t\t\t\t<h2 class=\"elementor-heading-title elementor-size-default\">Mercedes Valdivieso<\/h2>\t\t\t\t<\/div>\n\t\t\t\t<\/div>\n\t\t\t\t\t<\/div>\n\t\t<\/div>\n\t\t\t\t\t<\/div>\n\t\t<\/section>\n\t\t\t\t<section class=\"elementor-section elementor-top-section elementor-element elementor-element-2a17fdf5 scrollRaul elementor-section-boxed elementor-section-height-default elementor-section-height-default wpr-particle-no wpr-jarallax-no wpr-parallax-no wpr-sticky-section-no\" data-id=\"2a17fdf5\" data-element_type=\"section\" data-e-type=\"section\">\n\t\t\t\t\t\t<div class=\"elementor-container elementor-column-gap-default\">\n\t\t\t\t\t<div class=\"elementor-column elementor-col-100 elementor-top-column elementor-element elementor-element-f2fd49\" data-id=\"f2fd49\" data-element_type=\"column\" data-e-type=\"column\">\n\t\t\t<div class=\"elementor-widget-wrap elementor-element-populated\">\n\t\t\t\t\t\t<section class=\"elementor-section elementor-inner-section elementor-element elementor-element-aa2abe9 elementor-section-content-middle elementor-section-boxed elementor-section-height-default elementor-section-height-default wpr-particle-no wpr-jarallax-no wpr-parallax-no wpr-sticky-section-no\" data-id=\"aa2abe9\" data-element_type=\"section\" data-e-type=\"section\">\n\t\t\t\t\t\t<div class=\"elementor-container elementor-column-gap-extended\">\n\t\t\t\t\t<div class=\"elementor-column elementor-col-100 elementor-inner-column elementor-element elementor-element-19c9d353\" data-id=\"19c9d353\" data-element_type=\"column\" data-e-type=\"column\">\n\t\t\t<div class=\"elementor-widget-wrap elementor-element-populated\">\n\t\t\t\t\t\t<div class=\"elementor-element elementor-element-3beda5f2 elementor-widget elementor-widget-testimonial\" data-id=\"3beda5f2\" data-element_type=\"widget\" data-e-type=\"widget\" data-widget_type=\"testimonial.default\">\n\t\t\t\t<div class=\"elementor-widget-container\">\n\t\t\t\t\t\t\t<div class=\"elementor-testimonial-wrapper\">\n\t\t\t\t\t\t\t<div class=\"elementor-testimonial-content\"><p align=\"justify\">Mercedes Valdivieso, naci\u00f3 en Santiago, centr\u00f3 su obra literaria en la tem\u00e1tica de la mujer y su papel en la sociedad chilena de la \u00e9poca. Sus ideas la posicionaron como una de las precursoras del pensamiento femenino independiente, sobre todo porque se aboc\u00f3 al proyecto de recuperar una memoria literaria de mujeres y sacar del olvido la voz femenina. Perteneciente a la\u00a0Generaci\u00f3n Literaria de 1950, Mercedes Valdivieso, como muchas de sus coet\u00e1neas, se propuso enfrentar su entrada al espacio p\u00fablico con un lenguaje directo, exponiendo sin tapujos los prejuicios y prohibiciones de una \u00e9poca.\n<br><\/br>\nSi bien, desde muy peque\u00f1a manifest\u00f3 una inclinaci\u00f3n por las letras, reci\u00e9n con la publicaci\u00f3n de su primera novela en 1961, fue conocida como escritora.\u00a0La Brecha, considerada la obra fundacional del feminismo hispanoamericano, reflej\u00f3 su total madurez frente a la tem\u00e1tica de g\u00e9nero. En 1963, dio a conocer su nueva producci\u00f3n,\u00a0La tierra que les di, la que pretendi\u00f3 ser una desmitificaci\u00f3n de la clase latifundista chilena, al mismo tiempo que el retrato de una mujer que defiende la tierra que sus hijos malgastan. Al a\u00f1o siguiente, public\u00f3\u00a0Los ojos de bamb\u00fa, novela inspirada en un viaje a China realizado junto a su marido Jaime Valdivieso, en 1960.\n<br><\/br>\nEn 1966, Mercedes Valdivieso se hizo cargo de una publicaci\u00f3n sin precedentes en el periodismo chileno. Junto a un grupo de intelectuales fund\u00f3\u00a0Ad\u00e1n: la revista del hombre latinoamericano, la que dirigida a un p\u00fablico masculino combin\u00f3 art\u00edculos literarios, fotograf\u00eda, s\u00e1tira social y pol\u00edtica, dise\u00f1o y cr\u00f3nicas period\u00edsticas.\n<br><\/br>\nEn 1989 volvi\u00f3 definitivamente al pa\u00eds y fue colaboradora literaria de la revista\u00a0Mensaje.\u00a0Desde su llegada efectu\u00f3 una investigaci\u00f3n hist\u00f3rica sobre\u00a0Catalina de los R\u00edos y Lisperguer, La Quintrala, la que culmin\u00f3 con la publicaci\u00f3n de su \u00faltimo libro en 1991, titulado\u00a0Maldita yo entre las mujeres.\n<br><\/br>\nMercedes Valdivieso falleci\u00f3 el 3 de agosto de 1993, dejando inconclusos dos trabajos: \u201cGreda-Mujer de Dos Mundos\u201d y \u201cMa\u00f1ana de Furia\u201d.\n<\/div>\n\t\t\t\n\t\t\t\t\t\t<div class=\"elementor-testimonial-meta elementor-has-image elementor-testimonial-image-position-aside\">\n\t\t\t\t<div class=\"elementor-testimonial-meta-inner\">\n\t\t\t\t\t\t\t\t\t\t\t<div class=\"elementor-testimonial-image\">\n\t\t\t\t\t\t\t<img decoding=\"async\" width=\"150\" height=\"150\" src=\"https:\/\/nunoa.cl\/nunoapatrimonial\/wp-content\/uploads\/2022\/08\/articles-73068_thumbnail-e1597351473229-150x150.jpg\" class=\"attachment-thumbnail size-thumbnail wp-image-2878\" alt=\"\" srcset=\"https:\/\/nunoa.cl\/nunoapatrimonial\/wp-content\/uploads\/2022\/08\/articles-73068_thumbnail-e1597351473229-150x150.jpg 150w, https:\/\/nunoa.cl\/nunoapatrimonial\/wp-content\/uploads\/2022\/08\/articles-73068_thumbnail-e1597351473229-80x80.jpg 80w, https:\/\/nunoa.cl\/nunoapatrimonial\/wp-content\/uploads\/2022\/08\/articles-73068_thumbnail-e1597351473229-300x300.jpg 300w, https:\/\/nunoa.cl\/nunoapatrimonial\/wp-content\/uploads\/2022\/08\/articles-73068_thumbnail-e1597351473229-100x100.jpg 100w\" sizes=\"(max-width: 150px) 100vw, 150px\" \/>\t\t\t\t\t\t<\/div>\n\t\t\t\t\t\n\t\t\t\t\t\t\t\t\t\t<div class=\"elementor-testimonial-details\">\n\t\t\t\t\t\t\t\t\t\t\t\t\t\t<div class=\"elementor-testimonial-name\">Mercedes Valdivieso<\/div>\n\t\t\t\t\t\t\t\t\t\t\t\t\t\t\t\t\t\t\t\t\t\t<div class=\"elementor-testimonial-job\">Escritora Chilena<\/div>\n\t\t\t\t\t\t\t\t\t\t\t\t\t<\/div>\n\t\t\t\t\t\t\t\t\t<\/div>\n\t\t\t<\/div>\n\t\t\t\t\t<\/div>\n\t\t\t\t\t\t<\/div>\n\t\t\t\t<\/div>\n\t\t\t\t\t<\/div>\n\t\t<\/div>\n\t\t\t\t\t<\/div>\n\t\t<\/section>\n\t\t\t\t\t<\/div>\n\t\t<\/div>\n\t\t\t\t\t<\/div>\n\t\t<\/section>\n\t\t\t\t<\/div>\n\t\t","protected":false},"excerpt":{"rendered":"<p>\u201cSi preocuparse, haberse interesado en la otra mitad de la especie que no tiene voz es ser feminista, lo soy\u201d Mercedes Valdivieso Mercedes Valdivieso, naci\u00f3 en Santiago, centr\u00f3 su obra literaria en la tem\u00e1tica de la mujer y su papel en la sociedad chilena de la \u00e9poca. Sus ideas la posicionaron como una de las precursoras del pensamiento femenino independiente, sobre todo porque se aboc\u00f3 al proyecto de recuperar una memoria literaria de mujeres y sacar del olvido la voz femenina. Perteneciente a la\u00a0Generaci\u00f3n Literaria de 1950, Mercedes Valdivieso, como muchas de sus coet\u00e1neas, se propuso enfrentar su entrada al espacio p\u00fablico con un lenguaje directo, exponiendo sin tapujos los prejuicios y prohibiciones de una \u00e9poca. Si bien, desde muy peque\u00f1a manifest\u00f3 una inclinaci\u00f3n por las letras, reci\u00e9n con la publicaci\u00f3n de su primera novela en 1961, fue conocida como escritora.\u00a0La Brecha, considerada la obra fundacional del feminismo hispanoamericano, reflej\u00f3 su total madurez frente a la tem\u00e1tica de g\u00e9nero. En 1963, dio a conocer su nueva producci\u00f3n,\u00a0La tierra que les di, la que pretendi\u00f3 ser una desmitificaci\u00f3n de la clase latifundista chilena, al mismo tiempo que el retrato de una mujer que defiende la tierra que sus hijos malgastan. Al a\u00f1o siguiente, public\u00f3\u00a0Los ojos de bamb\u00fa, novela inspirada en un viaje a China realizado junto a su marido Jaime Valdivieso, en 1960. En 1966, Mercedes Valdivieso se hizo cargo de una publicaci\u00f3n sin precedentes en el periodismo chileno. Junto a un grupo de intelectuales fund\u00f3\u00a0Ad\u00e1n: la revista del hombre latinoamericano, la que dirigida a un p\u00fablico masculino combin\u00f3 art\u00edculos literarios, fotograf\u00eda, s\u00e1tira social y pol\u00edtica, dise\u00f1o y cr\u00f3nicas period\u00edsticas. En 1989 volvi\u00f3 definitivamente al pa\u00eds y fue colaboradora literaria de la revista\u00a0Mensaje.\u00a0Desde su llegada efectu\u00f3 una investigaci\u00f3n hist\u00f3rica sobre\u00a0Catalina de los R\u00edos y Lisperguer, La Quintrala, la que culmin\u00f3 con la publicaci\u00f3n de su \u00faltimo libro en 1991, titulado\u00a0Maldita yo entre las mujeres. Mercedes Valdivieso falleci\u00f3 el 3 de agosto de 1993, dejando inconclusos dos trabajos: \u201cGreda-Mujer de Dos Mundos\u201d y \u201cMa\u00f1ana de Furia\u201d. Mercedes Valdivieso Escritora Chilena<\/p>\n","protected":false},"author":1,"featured_media":2878,"comment_status":"closed","ping_status":"closed","sticky":false,"template":"","format":"standard","meta":{"_uag_custom_page_level_css":"","footnotes":""},"categories":[50,43,48],"tags":[],"class_list":["post-2873","post","type-post","status-publish","format-standard","has-post-thumbnail","hentry","category-memoria","category-patrimonio","category-vecinos_ilustres"],"uagb_featured_image_src":{"full":["https:\/\/nunoa.cl\/nunoapatrimonial\/wp-content\/uploads\/2022\/08\/articles-73068_thumbnail-e1597351473229.jpg",420,543,false],"thumbnail":["https:\/\/nunoa.cl\/nunoapatrimonial\/wp-content\/uploads\/2022\/08\/articles-73068_thumbnail-e1597351473229-150x150.jpg",150,150,true],"medium":["https:\/\/nunoa.cl\/nunoapatrimonial\/wp-content\/uploads\/2022\/08\/articles-73068_thumbnail-e1597351473229-232x300.jpg",232,300,true],"medium_large":["https:\/\/nunoa.cl\/nunoapatrimonial\/wp-content\/uploads\/2022\/08\/articles-73068_thumbnail-e1597351473229.jpg",420,543,false],"large":["https:\/\/nunoa.cl\/nunoapatrimonial\/wp-content\/uploads\/2022\/08\/articles-73068_thumbnail-e1597351473229.jpg",420,543,false],"1536x1536":["https:\/\/nunoa.cl\/nunoapatrimonial\/wp-content\/uploads\/2022\/08\/articles-73068_thumbnail-e1597351473229.jpg",420,543,false],"2048x2048":["https:\/\/nunoa.cl\/nunoapatrimonial\/wp-content\/uploads\/2022\/08\/articles-73068_thumbnail-e1597351473229.jpg",420,543,false],"appart_350x360":["https:\/\/nunoa.cl\/nunoapatrimonial\/wp-content\/uploads\/2022\/08\/articles-73068_thumbnail-e1597351473229-350x360.jpg",350,360,true],"appart_350x400":["https:\/\/nunoa.cl\/nunoapatrimonial\/wp-content\/uploads\/2022\/08\/articles-73068_thumbnail-e1597351473229-350x400.jpg",350,400,true],"appart_80x80":["https:\/\/nunoa.cl\/nunoapatrimonial\/wp-content\/uploads\/2022\/08\/articles-73068_thumbnail-e1597351473229-80x80.jpg",80,80,true],"appart_570x340":["https:\/\/nunoa.cl\/nunoapatrimonial\/wp-content\/uploads\/2022\/08\/articles-73068_thumbnail-e1597351473229-420x340.jpg",420,340,true],"appart_100x80":["https:\/\/nunoa.cl\/nunoapatrimonial\/wp-content\/uploads\/2022\/08\/articles-73068_thumbnail-e1597351473229-100x80.jpg",100,80,true],"appart_750x400":["https:\/\/nunoa.cl\/nunoapatrimonial\/wp-content\/uploads\/2022\/08\/articles-73068_thumbnail-e1597351473229-420x400.jpg",420,400,true],"alm-thumbnail":["https:\/\/nunoa.cl\/nunoapatrimonial\/wp-content\/uploads\/2022\/08\/articles-73068_thumbnail-e1597351473229.jpg",116,150,false]},"uagb_author_info":{"display_name":"ADMIN","author_link":"https:\/\/nunoa.cl\/nunoapatrimonial\/author\/admin\/"},"uagb_comment_info":0,"uagb_excerpt":"\u201cSi preocuparse, haberse interesado en la otra mitad de la especie que no tiene voz es ser feminista, lo soy\u201d Mercedes Valdivieso Mercedes Valdivieso, naci\u00f3 en Santiago, centr\u00f3 su obra literaria en la tem\u00e1tica de la mujer y su papel en la sociedad chilena de la \u00e9poca. Sus ideas la posicionaron como una de las&hellip;","_links":{"self":[{"href":"https:\/\/nunoa.cl\/nunoapatrimonial\/wp-json\/wp\/v2\/posts\/2873","targetHints":{"allow":["GET"]}}],"collection":[{"href":"https:\/\/nunoa.cl\/nunoapatrimonial\/wp-json\/wp\/v2\/posts"}],"about":[{"href":"https:\/\/nunoa.cl\/nunoapatrimonial\/wp-json\/wp\/v2\/types\/post"}],"author":[{"embeddable":true,"href":"https:\/\/nunoa.cl\/nunoapatrimonial\/wp-json\/wp\/v2\/users\/1"}],"replies":[{"embeddable":true,"href":"https:\/\/nunoa.cl\/nunoapatrimonial\/wp-json\/wp\/v2\/comments?post=2873"}],"version-history":[{"count":3,"href":"https:\/\/nunoa.cl\/nunoapatrimonial\/wp-json\/wp\/v2\/posts\/2873\/revisions"}],"predecessor-version":[{"id":9371,"href":"https:\/\/nunoa.cl\/nunoapatrimonial\/wp-json\/wp\/v2\/posts\/2873\/revisions\/9371"}],"wp:featuredmedia":[{"embeddable":true,"href":"https:\/\/nunoa.cl\/nunoapatrimonial\/wp-json\/wp\/v2\/media\/2878"}],"wp:attachment":[{"href":"https:\/\/nunoa.cl\/nunoapatrimonial\/wp-json\/wp\/v2\/media?parent=2873"}],"wp:term":[{"taxonomy":"category","embeddable":true,"href":"https:\/\/nunoa.cl\/nunoapatrimonial\/wp-json\/wp\/v2\/categories?post=2873"},{"taxonomy":"post_tag","embeddable":true,"href":"https:\/\/nunoa.cl\/nunoapatrimonial\/wp-json\/wp\/v2\/tags?post=2873"}],"curies":[{"name":"wp","href":"https:\/\/api.w.org\/{rel}","templated":true}]}}