{"id":2602,"date":"2022-08-16T22:17:58","date_gmt":"2022-08-16T22:17:58","guid":{"rendered":"https:\/\/nunoa.cl\/nunoapatrimonial\/?p=2602"},"modified":"2022-09-22T18:58:26","modified_gmt":"2022-09-22T18:58:26","slug":"nestor-meza-villalobos","status":"publish","type":"post","link":"https:\/\/nunoa.cl\/nunoapatrimonial\/nestor-meza-villalobos\/","title":{"rendered":"N\u00e9stor Meza Villalobos"},"content":{"rendered":"\t\t<div data-elementor-type=\"wp-post\" data-elementor-id=\"2602\" class=\"elementor elementor-2602\">\n\t\t\t\t\t\t<section class=\"elementor-section elementor-top-section elementor-element elementor-element-7846a717 elementor-section-boxed elementor-section-height-default elementor-section-height-default wpr-particle-no wpr-jarallax-no wpr-parallax-no wpr-sticky-section-no\" data-id=\"7846a717\" data-element_type=\"section\" data-e-type=\"section\">\n\t\t\t\t\t\t<div class=\"elementor-container elementor-column-gap-default\">\n\t\t\t\t\t<div class=\"elementor-column elementor-col-100 elementor-top-column elementor-element elementor-element-3cf9ceed\" data-id=\"3cf9ceed\" data-element_type=\"column\" data-e-type=\"column\">\n\t\t\t<div class=\"elementor-widget-wrap elementor-element-populated\">\n\t\t\t\t\t\t<div class=\"elementor-element elementor-element-51b99ece animated-slow elementor-invisible elementor-widget elementor-widget-heading\" data-id=\"51b99ece\" data-element_type=\"widget\" data-e-type=\"widget\" data-settings=\"{&quot;_animation&quot;:&quot;fadeInUp&quot;}\" data-widget_type=\"heading.default\">\n\t\t\t\t<div class=\"elementor-widget-container\">\n\t\t\t\t\t<h2 class=\"elementor-heading-title elementor-size-default\">N\u00e9stor Meza Villalobos<\/h2>\t\t\t\t<\/div>\n\t\t\t\t<\/div>\n\t\t\t\t\t<\/div>\n\t\t<\/div>\n\t\t\t\t\t<\/div>\n\t\t<\/section>\n\t\t\t\t<section class=\"elementor-section elementor-top-section elementor-element elementor-element-4c31c542 scrollRaul elementor-section-boxed elementor-section-height-default elementor-section-height-default wpr-particle-no wpr-jarallax-no wpr-parallax-no wpr-sticky-section-no\" data-id=\"4c31c542\" data-element_type=\"section\" data-e-type=\"section\">\n\t\t\t\t\t\t<div class=\"elementor-container elementor-column-gap-default\">\n\t\t\t\t\t<div class=\"elementor-column elementor-col-100 elementor-top-column elementor-element elementor-element-67f5079b\" data-id=\"67f5079b\" data-element_type=\"column\" data-e-type=\"column\">\n\t\t\t<div class=\"elementor-widget-wrap elementor-element-populated\">\n\t\t\t\t\t\t<section class=\"elementor-section elementor-inner-section elementor-element elementor-element-65e9bf6c elementor-section-content-middle elementor-section-boxed elementor-section-height-default elementor-section-height-default wpr-particle-no wpr-jarallax-no wpr-parallax-no wpr-sticky-section-no\" data-id=\"65e9bf6c\" data-element_type=\"section\" data-e-type=\"section\">\n\t\t\t\t\t\t<div class=\"elementor-container elementor-column-gap-extended\">\n\t\t\t\t\t<div class=\"elementor-column elementor-col-100 elementor-inner-column elementor-element elementor-element-5b5608d3\" data-id=\"5b5608d3\" data-element_type=\"column\" data-e-type=\"column\">\n\t\t\t<div class=\"elementor-widget-wrap elementor-element-populated\">\n\t\t\t\t\t\t<div class=\"elementor-element elementor-element-1d128efd elementor-widget elementor-widget-testimonial\" data-id=\"1d128efd\" data-element_type=\"widget\" data-e-type=\"widget\" data-widget_type=\"testimonial.default\">\n\t\t\t\t<div class=\"elementor-widget-container\">\n\t\t\t\t\t\t\t<div class=\"elementor-testimonial-wrapper\">\n\t\t\t\t\t\t\t<div class=\"elementor-testimonial-content\"><p align=\"justify\">N\u00e9stor Meza Villalobos naci\u00f3 el 4 de junio de 1913 en Retiro, provincia de Linares. Hijo de Juan Meza y Aurora Villalobos, fue el mayor de ocho hermanos. Estudi\u00f3 en la escuela p\u00fablica de\u00a0Retiro\u00a0y en los liceos de\u00a0Chill\u00e1n, Talca\u00a0y\u00a0Linares,\u00a0desde donde se fue a Santiago a realizar sus estudios superiores en el\u00a0Instituto Pedag\u00f3gico de la Universidad de Chile. All\u00ed fue disc\u00edpulo de\u00a0Luis Galdames,\u00a0Juan G\u00f3mez Millas,\u00a0Eugenio Pereira Salas\u00a0y\u00a0Guillermo Feli\u00fa Cruz. Mientras estudiaba, trabaj\u00f3 como portero de la\u00a0Biblioteca Nacional\u00a0para costear su carrera, la que culmin\u00f3 exitosamente en 1936 cuando recibi\u00f3 el t\u00edtulo de\u00a0Profesor de Historia, Geograf\u00eda y Educaci\u00f3n C\u00edvica\u00a0con su memoria de prueba\u00a0Formas y motivos de las empresas espa\u00f1olas en Am\u00e9rica y Ocean\u00eda. Su esencia econ\u00f3mico-cultural.\n<br><\/br>\nTras titularse, continu\u00f3 trabajando en la Biblioteca Nacional hasta 1938, a\u00f1o en el que inici\u00f3 su carrera docente como profesor del Liceo de Linares. En 1943 fue llamado a ocupar la c\u00e1tedra de\u00a0Historia de Am\u00e9rica\u00a0en la reci\u00e9n fundada\u00a0Universidad de Cuyo, en Mendoza, pero por diferencias pol\u00edticas con el decano debi\u00f3 abandonar su c\u00e1tedra, reintegr\u00e1ndose en 1946 al Liceo de Linares. En 1947 fue contratado por el\u00a0Departamento de Historia del Instituto Pedag\u00f3gico de la Universidad de Chile, como profesor auxiliar de la c\u00e1tedra de\u00a0Historia de Chile. Ascendi\u00f3 luego a profesor extraordinario de Historia de Chile (1951), profesor investigador en Historia de Am\u00e9rica (1952), profesor ordinario de Historia de Am\u00e9rica (1955) y finalmente profesor de jornada completa de Historia de Am\u00e9rica (1976). Acogido a jubilaci\u00f3n en 1983, fue recontratado por la Universidad de Chile, pero en 1984 debi\u00f3 renunciar por problemas de salud, poniendo fin a su larga trayectoria como docente.\n<br><\/br>\nSe especializ\u00f3 en la\u00a0Historia de Chile y Am\u00e9rica durante el per\u00edodo indiano, investigando particularmente sobre la empresa de\u00a0Conquista,\u00a0la\u00a0pol\u00edtica ind\u00edgena\u00a0y la\u00a0conciencia pol\u00edtica, aunque tambi\u00e9n escribi\u00f3 sobre los antecedentes de la\u00a0Independencia.\u00a0Para ello, investig\u00f3 en el Archivo Nacional de Colombia y en el Archivo General de Indias, en Sevilla. A su vez, viaj\u00f3 a diversos pa\u00edses de Europa, como Alemania, Italia y Espa\u00f1a, con el fin de profundizar sus conocimientos sobre Teor\u00eda de la Historiograf\u00eda.\n<br><\/br>\nNo fue un historiador conocido fuera del ambiente acad\u00e9mico, pero su nombre adquiri\u00f3 relieve a partir de 1980 cuando se le concedi\u00f3 el\u00a0Premio Nacional de Historia.\n<br><\/br>\nFalleci\u00f3 \u00a0el 10 de julio de 1993, poco despu\u00e9s de haber cumplido 80 a\u00f1os de edad.<\/div>\n\t\t\t\n\t\t\t\t\t\t<div class=\"elementor-testimonial-meta elementor-has-image elementor-testimonial-image-position-aside\">\n\t\t\t\t<div class=\"elementor-testimonial-meta-inner\">\n\t\t\t\t\t\t\t\t\t\t\t<div class=\"elementor-testimonial-image\">\n\t\t\t\t\t\t\t<img decoding=\"async\" width=\"150\" height=\"150\" src=\"https:\/\/nunoa.cl\/nunoapatrimonial\/wp-content\/uploads\/2022\/08\/articles-81187_thumbnail-e1597351300471-150x150.jpg\" class=\"attachment-thumbnail size-thumbnail wp-image-2607\" alt=\"\" srcset=\"https:\/\/nunoa.cl\/nunoapatrimonial\/wp-content\/uploads\/2022\/08\/articles-81187_thumbnail-e1597351300471-150x150.jpg 150w, https:\/\/nunoa.cl\/nunoapatrimonial\/wp-content\/uploads\/2022\/08\/articles-81187_thumbnail-e1597351300471-80x80.jpg 80w, https:\/\/nunoa.cl\/nunoapatrimonial\/wp-content\/uploads\/2022\/08\/articles-81187_thumbnail-e1597351300471-300x300.jpg 300w, https:\/\/nunoa.cl\/nunoapatrimonial\/wp-content\/uploads\/2022\/08\/articles-81187_thumbnail-e1597351300471-100x100.jpg 100w\" sizes=\"(max-width: 150px) 100vw, 150px\" \/>\t\t\t\t\t\t<\/div>\n\t\t\t\t\t\n\t\t\t\t\t\t\t\t\t\t<div class=\"elementor-testimonial-details\">\n\t\t\t\t\t\t\t\t\t\t\t\t\t\t<div class=\"elementor-testimonial-name\">N\u00e9stor Meza Villalobos<\/div>\n\t\t\t\t\t\t\t\t\t\t\t\t\t\t\t\t\t\t\t\t\t\t<div class=\"elementor-testimonial-job\">Historiador Chileno, recibi\u00f3 el Premio Nacional de Historia en 1980.<\/div>\n\t\t\t\t\t\t\t\t\t\t\t\t\t<\/div>\n\t\t\t\t\t\t\t\t\t<\/div>\n\t\t\t<\/div>\n\t\t\t\t\t<\/div>\n\t\t\t\t\t\t<\/div>\n\t\t\t\t<\/div>\n\t\t\t\t\t<\/div>\n\t\t<\/div>\n\t\t\t\t\t<\/div>\n\t\t<\/section>\n\t\t\t\t\t<\/div>\n\t\t<\/div>\n\t\t\t\t\t<\/div>\n\t\t<\/section>\n\t\t\t\t<\/div>\n\t\t","protected":false},"excerpt":{"rendered":"<p>N\u00e9stor Meza Villalobos N\u00e9stor Meza Villalobos naci\u00f3 el 4 de junio de 1913 en Retiro, provincia de Linares. Hijo de Juan Meza y Aurora Villalobos, fue el mayor de ocho hermanos. Estudi\u00f3 en la escuela p\u00fablica de\u00a0Retiro\u00a0y en los liceos de\u00a0Chill\u00e1n, Talca\u00a0y\u00a0Linares,\u00a0desde donde se fue a Santiago a realizar sus estudios superiores en el\u00a0Instituto Pedag\u00f3gico de la Universidad de Chile. All\u00ed fue disc\u00edpulo de\u00a0Luis Galdames,\u00a0Juan G\u00f3mez Millas,\u00a0Eugenio Pereira Salas\u00a0y\u00a0Guillermo Feli\u00fa Cruz. Mientras estudiaba, trabaj\u00f3 como portero de la\u00a0Biblioteca Nacional\u00a0para costear su carrera, la que culmin\u00f3 exitosamente en 1936 cuando recibi\u00f3 el t\u00edtulo de\u00a0Profesor de Historia, Geograf\u00eda y Educaci\u00f3n C\u00edvica\u00a0con su memoria de prueba\u00a0Formas y motivos de las empresas espa\u00f1olas en Am\u00e9rica y Ocean\u00eda. Su esencia econ\u00f3mico-cultural. Tras titularse, continu\u00f3 trabajando en la Biblioteca Nacional hasta 1938, a\u00f1o en el que inici\u00f3 su carrera docente como profesor del Liceo de Linares. En 1943 fue llamado a ocupar la c\u00e1tedra de\u00a0Historia de Am\u00e9rica\u00a0en la reci\u00e9n fundada\u00a0Universidad de Cuyo, en Mendoza, pero por diferencias pol\u00edticas con el decano debi\u00f3 abandonar su c\u00e1tedra, reintegr\u00e1ndose en 1946 al Liceo de Linares. En 1947 fue contratado por el\u00a0Departamento de Historia del Instituto Pedag\u00f3gico de la Universidad de Chile, como profesor auxiliar de la c\u00e1tedra de\u00a0Historia de Chile. Ascendi\u00f3 luego a profesor extraordinario de Historia de Chile (1951), profesor investigador en Historia de Am\u00e9rica (1952), profesor ordinario de Historia de Am\u00e9rica (1955) y finalmente profesor de jornada completa de Historia de Am\u00e9rica (1976). Acogido a jubilaci\u00f3n en 1983, fue recontratado por la Universidad de Chile, pero en 1984 debi\u00f3 renunciar por problemas de salud, poniendo fin a su larga trayectoria como docente. Se especializ\u00f3 en la\u00a0Historia de Chile y Am\u00e9rica durante el per\u00edodo indiano, investigando particularmente sobre la empresa de\u00a0Conquista,\u00a0la\u00a0pol\u00edtica ind\u00edgena\u00a0y la\u00a0conciencia pol\u00edtica, aunque tambi\u00e9n escribi\u00f3 sobre los antecedentes de la\u00a0Independencia.\u00a0Para ello, investig\u00f3 en el Archivo Nacional de Colombia y en el Archivo General de Indias, en Sevilla. A su vez, viaj\u00f3 a diversos pa\u00edses de Europa, como Alemania, Italia y Espa\u00f1a, con el fin de profundizar sus conocimientos sobre Teor\u00eda de la Historiograf\u00eda. No fue un historiador conocido fuera del ambiente acad\u00e9mico, pero su nombre adquiri\u00f3 relieve a partir de 1980 cuando se le concedi\u00f3 el\u00a0Premio Nacional de Historia. Falleci\u00f3 \u00a0el 10 de julio de 1993, poco despu\u00e9s de haber cumplido 80 a\u00f1os de edad. N\u00e9stor Meza Villalobos Historiador Chileno, recibi\u00f3 el Premio Nacional de Historia en 1980.<\/p>\n","protected":false},"author":1,"featured_media":2607,"comment_status":"closed","ping_status":"closed","sticky":false,"template":"","format":"standard","meta":{"_uag_custom_page_level_css":"","footnotes":""},"categories":[50,43,48],"tags":[],"class_list":["post-2602","post","type-post","status-publish","format-standard","has-post-thumbnail","hentry","category-memoria","category-patrimonio","category-vecinos_ilustres"],"uagb_featured_image_src":{"full":["https:\/\/nunoa.cl\/nunoapatrimonial\/wp-content\/uploads\/2022\/08\/articles-81187_thumbnail-e1597351300471.jpg",564,729,false],"thumbnail":["https:\/\/nunoa.cl\/nunoapatrimonial\/wp-content\/uploads\/2022\/08\/articles-81187_thumbnail-e1597351300471-150x150.jpg",150,150,true],"medium":["https:\/\/nunoa.cl\/nunoapatrimonial\/wp-content\/uploads\/2022\/08\/articles-81187_thumbnail-e1597351300471-232x300.jpg",232,300,true],"medium_large":["https:\/\/nunoa.cl\/nunoapatrimonial\/wp-content\/uploads\/2022\/08\/articles-81187_thumbnail-e1597351300471.jpg",564,729,false],"large":["https:\/\/nunoa.cl\/nunoapatrimonial\/wp-content\/uploads\/2022\/08\/articles-81187_thumbnail-e1597351300471.jpg",564,729,false],"1536x1536":["https:\/\/nunoa.cl\/nunoapatrimonial\/wp-content\/uploads\/2022\/08\/articles-81187_thumbnail-e1597351300471.jpg",564,729,false],"2048x2048":["https:\/\/nunoa.cl\/nunoapatrimonial\/wp-content\/uploads\/2022\/08\/articles-81187_thumbnail-e1597351300471.jpg",564,729,false],"appart_350x360":["https:\/\/nunoa.cl\/nunoapatrimonial\/wp-content\/uploads\/2022\/08\/articles-81187_thumbnail-e1597351300471-350x360.jpg",350,360,true],"appart_350x400":["https:\/\/nunoa.cl\/nunoapatrimonial\/wp-content\/uploads\/2022\/08\/articles-81187_thumbnail-e1597351300471-350x400.jpg",350,400,true],"appart_80x80":["https:\/\/nunoa.cl\/nunoapatrimonial\/wp-content\/uploads\/2022\/08\/articles-81187_thumbnail-e1597351300471-80x80.jpg",80,80,true],"appart_570x340":["https:\/\/nunoa.cl\/nunoapatrimonial\/wp-content\/uploads\/2022\/08\/articles-81187_thumbnail-e1597351300471-564x340.jpg",564,340,true],"appart_100x80":["https:\/\/nunoa.cl\/nunoapatrimonial\/wp-content\/uploads\/2022\/08\/articles-81187_thumbnail-e1597351300471-100x80.jpg",100,80,true],"appart_750x400":["https:\/\/nunoa.cl\/nunoapatrimonial\/wp-content\/uploads\/2022\/08\/articles-81187_thumbnail-e1597351300471-564x400.jpg",564,400,true],"alm-thumbnail":["https:\/\/nunoa.cl\/nunoapatrimonial\/wp-content\/uploads\/2022\/08\/articles-81187_thumbnail-e1597351300471.jpg",116,150,false]},"uagb_author_info":{"display_name":"ADMIN","author_link":"https:\/\/nunoa.cl\/nunoapatrimonial\/author\/admin\/"},"uagb_comment_info":0,"uagb_excerpt":"N\u00e9stor Meza Villalobos N\u00e9stor Meza Villalobos naci\u00f3 el 4 de junio de 1913 en Retiro, provincia de Linares. Hijo de Juan Meza y Aurora Villalobos, fue el mayor de ocho hermanos. Estudi\u00f3 en la escuela p\u00fablica de\u00a0Retiro\u00a0y en los liceos de\u00a0Chill\u00e1n, Talca\u00a0y\u00a0Linares,\u00a0desde donde se fue a Santiago a realizar sus estudios superiores en el\u00a0Instituto Pedag\u00f3gico&hellip;","_links":{"self":[{"href":"https:\/\/nunoa.cl\/nunoapatrimonial\/wp-json\/wp\/v2\/posts\/2602","targetHints":{"allow":["GET"]}}],"collection":[{"href":"https:\/\/nunoa.cl\/nunoapatrimonial\/wp-json\/wp\/v2\/posts"}],"about":[{"href":"https:\/\/nunoa.cl\/nunoapatrimonial\/wp-json\/wp\/v2\/types\/post"}],"author":[{"embeddable":true,"href":"https:\/\/nunoa.cl\/nunoapatrimonial\/wp-json\/wp\/v2\/users\/1"}],"replies":[{"embeddable":true,"href":"https:\/\/nunoa.cl\/nunoapatrimonial\/wp-json\/wp\/v2\/comments?post=2602"}],"version-history":[{"count":0,"href":"https:\/\/nunoa.cl\/nunoapatrimonial\/wp-json\/wp\/v2\/posts\/2602\/revisions"}],"wp:featuredmedia":[{"embeddable":true,"href":"https:\/\/nunoa.cl\/nunoapatrimonial\/wp-json\/wp\/v2\/media\/2607"}],"wp:attachment":[{"href":"https:\/\/nunoa.cl\/nunoapatrimonial\/wp-json\/wp\/v2\/media?parent=2602"}],"wp:term":[{"taxonomy":"category","embeddable":true,"href":"https:\/\/nunoa.cl\/nunoapatrimonial\/wp-json\/wp\/v2\/categories?post=2602"},{"taxonomy":"post_tag","embeddable":true,"href":"https:\/\/nunoa.cl\/nunoapatrimonial\/wp-json\/wp\/v2\/tags?post=2602"}],"curies":[{"name":"wp","href":"https:\/\/api.w.org\/{rel}","templated":true}]}}