{"id":2563,"date":"2022-08-16T21:56:00","date_gmt":"2022-08-16T21:56:00","guid":{"rendered":"https:\/\/nunoa.cl\/nunoapatrimonial\/?p=2563"},"modified":"2022-09-22T18:56:11","modified_gmt":"2022-09-22T18:56:11","slug":"margot-loyola","status":"publish","type":"post","link":"https:\/\/nunoa.cl\/nunoapatrimonial\/margot-loyola\/","title":{"rendered":"Margot Loyola"},"content":{"rendered":"\t\t<div data-elementor-type=\"wp-post\" data-elementor-id=\"2563\" class=\"elementor elementor-2563\">\n\t\t\t\t\t\t<section class=\"elementor-section elementor-top-section elementor-element elementor-element-12909b08 elementor-section-boxed elementor-section-height-default elementor-section-height-default wpr-particle-no wpr-jarallax-no wpr-parallax-no wpr-sticky-section-no\" data-id=\"12909b08\" data-element_type=\"section\" data-e-type=\"section\">\n\t\t\t\t\t\t<div class=\"elementor-container elementor-column-gap-default\">\n\t\t\t\t\t<div class=\"elementor-column elementor-col-100 elementor-top-column elementor-element elementor-element-77ce5c22\" data-id=\"77ce5c22\" data-element_type=\"column\" data-e-type=\"column\">\n\t\t\t<div class=\"elementor-widget-wrap elementor-element-populated\">\n\t\t\t\t\t\t<div class=\"elementor-element elementor-element-1aee74c8 animated-slow elementor-invisible elementor-widget elementor-widget-heading\" data-id=\"1aee74c8\" data-element_type=\"widget\" data-e-type=\"widget\" data-settings=\"{&quot;_animation&quot;:&quot;fadeInUp&quot;,&quot;_animation_delay&quot;:100}\" data-widget_type=\"heading.default\">\n\t\t\t\t<div class=\"elementor-widget-container\">\n\t\t\t\t\t<h1 class=\"elementor-heading-title elementor-size-default\">\"C\u00f3mo quisiera estar yo a la altura de las cantoras\u2026\"\n<\/h1>\t\t\t\t<\/div>\n\t\t\t\t<\/div>\n\t\t\t\t<div class=\"elementor-element elementor-element-128eb038 animated-slow elementor-invisible elementor-widget elementor-widget-heading\" data-id=\"128eb038\" data-element_type=\"widget\" data-e-type=\"widget\" data-settings=\"{&quot;_animation&quot;:&quot;fadeInUp&quot;}\" data-widget_type=\"heading.default\">\n\t\t\t\t<div class=\"elementor-widget-container\">\n\t\t\t\t\t<h2 class=\"elementor-heading-title elementor-size-default\">Margot Loyola<\/h2>\t\t\t\t<\/div>\n\t\t\t\t<\/div>\n\t\t\t\t\t<\/div>\n\t\t<\/div>\n\t\t\t\t\t<\/div>\n\t\t<\/section>\n\t\t\t\t<section class=\"elementor-section elementor-top-section elementor-element elementor-element-73bbd2fe scrollRaul elementor-section-boxed elementor-section-height-default elementor-section-height-default wpr-particle-no wpr-jarallax-no wpr-parallax-no wpr-sticky-section-no\" data-id=\"73bbd2fe\" data-element_type=\"section\" data-e-type=\"section\">\n\t\t\t\t\t\t<div class=\"elementor-container elementor-column-gap-default\">\n\t\t\t\t\t<div class=\"elementor-column elementor-col-100 elementor-top-column elementor-element elementor-element-315d6c8f\" data-id=\"315d6c8f\" data-element_type=\"column\" data-e-type=\"column\">\n\t\t\t<div class=\"elementor-widget-wrap elementor-element-populated\">\n\t\t\t\t\t\t<section class=\"elementor-section elementor-inner-section elementor-element elementor-element-4bb3d6a8 elementor-section-content-middle elementor-section-boxed elementor-section-height-default elementor-section-height-default wpr-particle-no wpr-jarallax-no wpr-parallax-no wpr-sticky-section-no\" data-id=\"4bb3d6a8\" data-element_type=\"section\" data-e-type=\"section\">\n\t\t\t\t\t\t<div class=\"elementor-container elementor-column-gap-extended\">\n\t\t\t\t\t<div class=\"elementor-column elementor-col-100 elementor-inner-column elementor-element elementor-element-20475bdc\" data-id=\"20475bdc\" data-element_type=\"column\" data-e-type=\"column\">\n\t\t\t<div class=\"elementor-widget-wrap elementor-element-populated\">\n\t\t\t\t\t\t<div class=\"elementor-element elementor-element-2b2aad76 elementor-widget elementor-widget-testimonial\" data-id=\"2b2aad76\" data-element_type=\"widget\" data-e-type=\"widget\" data-widget_type=\"testimonial.default\">\n\t\t\t\t<div class=\"elementor-widget-container\">\n\t\t\t\t\t\t\t<div class=\"elementor-testimonial-wrapper\">\n\t\t\t\t\t\t\t<div class=\"elementor-testimonial-content\"><p align=\"justify\">Ana Margot Loyola Palacios naci\u00f3 en Linares el 15 de septiembre de 1918, entre galleros, cantoras y otras tradiciones campesinas. Desde muy ni\u00f1a quiso ser artista. A pesar de una infancia marcada por sus clases de piano, su participaci\u00f3n en las escuelas de temporada universitaria, en Santiago, le permitieron conocer e interesarse por las manifestaciones musicales propias del territorio nacional.\n<br \/><br \/>\nHa sido una verdadera embajadora y portadora de nuestras manifestaciones culturales en la mayor\u00eda de los pa\u00edses latinoamericanos y europeos, entre los cuales destacan Francia, Espa\u00f1a, URSS, Polonia, Bulgaria, Checoslovaquia y Rumania, llegando su reconocimiento internacional a destacarla como Miembro Correspondiente de las Asociaciones Folkl\u00f3ricas de Buenos Aires y Tucum\u00e1n, sin mencionar las instituciones similares a que pertenece en nuestro pa\u00eds.\n<br \/><br \/>\nInicialmente, se dedic\u00f3 a la investigaci\u00f3n en paralelo al trabajo con Las Hermanas Loyola, grupo cuya fama alcanz\u00f3 la cumbre durante los a\u00f1os cuarenta, cuando el d\u00fao se integr\u00f3 a la colecci\u00f3n discogr\u00e1fica Aires tradicionales y folcl\u00f3ricos de Chile, coordinada por el investigador Carlos Isamitt. Tambi\u00e9n durante esa d\u00e9cada, un contacto del entonces rector de la Universidad de Chile, Juvenal Hern\u00e1ndez, permiti\u00f3 a Loyola debutar como docente en las Escuelas de Temporada anuales. Su prestigio como maestra -validado por el nacimiento, a su alero, de conjuntos como Cuncum\u00e9n y Millaray- fue relegando progresivamente su trabajo junto a Estela a un segundo plano, hasta su separaci\u00f3n art\u00edstica definitiva en 1950. Ya en forma independiente, la folclorista emprendi\u00f3 sus primeros viajes por Latinoam\u00e9rica y Europa.\n<br \/><br \/>\nEn 1972 ingres\u00f3 como docente del Instituto de M\u00fasica de la Universidad Cat\u00f3lica de Valpara\u00edso, en la c\u00e1tedra de Folklore Musical y dos a\u00f1os m\u00e1s tarde cre\u00f3 el Conjunto Folcl\u00f3rico de la Casa de Estudios. Su amplia gama interpretativa va desde el complejo canto mapuche hasta la m\u00fasica del sal\u00f3n chileno en el siglo pasado.\n<br \/><br \/>\nLa Pontificia Universidad Cat\u00f3lica de Valpara\u00edso la distingui\u00f3 como Profesora Em\u00e9rita en 1998, mismo a\u00f1o en que se cre\u00f3 en la misma universidad el Fondo de Investigaci\u00f3n y Documentaci\u00f3n de la M\u00fasica Tradicional Chilena Margot Loyola Palacios, el que seg\u00fan palabras de la propia folclorista, es \u201cvalios\u00edsimo y \u00fanico en Chile\u201d.\n<br \/><br \/>\nSu labor se vio truncada por \u00fanica vez con el Golpe de Estado de 1973, poco despu\u00e9s de editar Canciones del 900 (1972), disco en colaboraci\u00f3n con Luis Advis. Reci\u00e9n en 1975 la folclorista pudo comenzar a retomar su antiguo ritmo de trabajo, encontrando en el programa televisivo \u201cChilenazo\u201d un inesperado lugar de acogida que le permiti\u00f3 reanudar lo que hab\u00eda quedado interrumpido en \u201cRecorriendo Chile\u201c, su primer espacio en Televisi\u00f3n Nacional. Su rostro se fue haciendo familiar para la teleaudiencia chilena y su nombre qued\u00f3 inscrito para siempre como el de una figura mayor de nuestra m\u00fasica. Fue por eso completamente natural que Loyola recibiera en 1994 el Premio Nacional de Artes Musicales.\n<br \/><br \/>\nEl 2006 fue investida con el grado de Doctora Honoris Causa por la Pontificia Universidad Cat\u00f3lica de Valpara\u00edso, donde se cre\u00f3 el  Fondo Margot Loyola, que se ha transformado en uno de los archivos m\u00e1s importantes de Chile por el car\u00e1cter de sus bienes culturales, que abarcan desde documentos sonoros de todo tipo hasta manuscritos, rollos de autopiano, partituras y fotograf\u00edas, todos relacionados con la m\u00fasica de tradici\u00f3n oral chilena.\n<br \/><br \/>\nDe su vasto legado bibliogr\u00e1fico-musical se destacan \u201cVisi\u00f3n musical de Chile\u201d (1980), \u201cBailes de Tierra en Chile\u201d (1980), \u201cSiempre Margot\u2026\u201d (1984), \u201cEl folklore de Chile\u201d (1990), \u201cIsla de Pascua: geograf\u00eda musical de Chile\u201d (1990), \u201cEl couple\u201d (1990), \u201cEl cachimbo: danza tarapaque\u00f1a de pueblos y quebradas\u201d (1994), \u201cVoces del Maule\u201d (1994), \u201c21 temas del folclor\u201d (1998), \u201cLa zamacueca\u201d (1999), \u201cLegado musical in\u00e9dito de un Premio Nacional de Arte\u201d (2001), \u201cLa Tonada: testimonios para el futuro\u201d (2006), \u201cOtras voces en mi voz\u201d (2010) y \u201cLa cueca: danza de la vida y de la muerte\u201d (2010).\n<br \/><br \/>\nJunto con Violeta Parra y Gabriela Pizarro, es considerada una de las tres investigadoras esenciales del folclore de Chile.\n<br \/><br \/>\nDurante el 2014 present\u00f3 su \u00faltimo libro: \u201c50 danzas tradicionales y populares de Chile\u201d, el cual realiz\u00f3 junto a Osvaldo C\u00e1diz, en una ceremonia que cont\u00f3 con la presencia de la Presidenta de la Rep\u00fablica, Michelle Bachelet. La publicaci\u00f3n fue realizada bajo el sello de Ediciones Universitarias de Valpara\u00edso de la PUCV.\n<br \/><br \/>\nTras su muerte, el 3 de agosto de 2015, el gobierno de Chile decret\u00f3 dos d\u00edas de duelo oficial.\n<br \/><br \/>\nSu residencia, por mucho a\u00f1os, estuvo en la comuna de \u00d1u\u00f1oa, espec\u00edficamente en la calle Exequiel Fern\u00e1ndez.<\/div>\n\t\t\t\n\t\t\t\t\t\t<div class=\"elementor-testimonial-meta elementor-has-image elementor-testimonial-image-position-aside\">\n\t\t\t\t<div class=\"elementor-testimonial-meta-inner\">\n\t\t\t\t\t\t\t\t\t\t\t<div class=\"elementor-testimonial-image\">\n\t\t\t\t\t\t\t<img decoding=\"async\" width=\"150\" height=\"150\" src=\"https:\/\/nunoa.cl\/nunoapatrimonial\/wp-content\/uploads\/2022\/08\/m-loyola-150x150.jpg\" class=\"attachment-thumbnail size-thumbnail wp-image-1215\" alt=\"\" srcset=\"https:\/\/nunoa.cl\/nunoapatrimonial\/wp-content\/uploads\/2022\/08\/m-loyola-150x150.jpg 150w, https:\/\/nunoa.cl\/nunoapatrimonial\/wp-content\/uploads\/2022\/08\/m-loyola-80x80.jpg 80w, https:\/\/nunoa.cl\/nunoapatrimonial\/wp-content\/uploads\/2022\/08\/m-loyola-300x300.jpg 300w, https:\/\/nunoa.cl\/nunoapatrimonial\/wp-content\/uploads\/2022\/08\/m-loyola-100x100.jpg 100w\" sizes=\"(max-width: 150px) 100vw, 150px\" \/>\t\t\t\t\t\t<\/div>\n\t\t\t\t\t\n\t\t\t\t\t\t\t\t\t\t<div class=\"elementor-testimonial-details\">\n\t\t\t\t\t\t\t\t\t\t\t\t\t\t<div class=\"elementor-testimonial-name\">Ana Margot Loyola Palacios<\/div>\n\t\t\t\t\t\t\t\t\t\t\t\t\t\t\t\t\t\t\t\t\t\t<div class=\"elementor-testimonial-job\">M\u00fasico, cantante, pianista, compositor de canciones y guitarrista<\/div>\n\t\t\t\t\t\t\t\t\t\t\t\t\t<\/div>\n\t\t\t\t\t\t\t\t\t<\/div>\n\t\t\t<\/div>\n\t\t\t\t\t<\/div>\n\t\t\t\t\t\t<\/div>\n\t\t\t\t<\/div>\n\t\t\t\t\t<\/div>\n\t\t<\/div>\n\t\t\t\t\t<\/div>\n\t\t<\/section>\n\t\t\t\t\t<\/div>\n\t\t<\/div>\n\t\t\t\t\t<\/div>\n\t\t<\/section>\n\t\t\t\t<\/div>\n\t\t","protected":false},"excerpt":{"rendered":"<p>&#8220;C\u00f3mo quisiera estar yo a la altura de las cantoras\u2026&#8221; Margot Loyola Ana Margot Loyola Palacios naci\u00f3 en Linares el 15 de septiembre de 1918, entre galleros, cantoras y otras tradiciones campesinas. Desde muy ni\u00f1a quiso ser artista. A pesar de una infancia marcada por sus clases de piano, su participaci\u00f3n en las escuelas de temporada universitaria, en Santiago, le permitieron conocer e interesarse por las manifestaciones musicales propias del territorio nacional. Ha sido una verdadera embajadora y portadora de nuestras manifestaciones culturales en la mayor\u00eda de los pa\u00edses latinoamericanos y europeos, entre los cuales destacan Francia, Espa\u00f1a, URSS, Polonia, Bulgaria, Checoslovaquia y Rumania, llegando su reconocimiento internacional a destacarla como Miembro Correspondiente de las Asociaciones Folkl\u00f3ricas de Buenos Aires y Tucum\u00e1n, sin mencionar las instituciones similares a que pertenece en nuestro pa\u00eds. Inicialmente, se dedic\u00f3 a la investigaci\u00f3n en paralelo al trabajo con Las Hermanas Loyola, grupo cuya fama alcanz\u00f3 la cumbre durante los a\u00f1os cuarenta, cuando el d\u00fao se integr\u00f3 a la colecci\u00f3n discogr\u00e1fica Aires tradicionales y folcl\u00f3ricos de Chile, coordinada por el investigador Carlos Isamitt. Tambi\u00e9n durante esa d\u00e9cada, un contacto del entonces rector de la Universidad de Chile, Juvenal Hern\u00e1ndez, permiti\u00f3 a Loyola debutar como docente en las Escuelas de Temporada anuales. Su prestigio como maestra -validado por el nacimiento, a su alero, de conjuntos como Cuncum\u00e9n y Millaray- fue relegando progresivamente su trabajo junto a Estela a un segundo plano, hasta su separaci\u00f3n art\u00edstica definitiva en 1950. Ya en forma independiente, la folclorista emprendi\u00f3 sus primeros viajes por Latinoam\u00e9rica y Europa. En 1972 ingres\u00f3 como docente del Instituto de M\u00fasica de la Universidad Cat\u00f3lica de Valpara\u00edso, en la c\u00e1tedra de Folklore Musical y dos a\u00f1os m\u00e1s tarde cre\u00f3 el Conjunto Folcl\u00f3rico de la Casa de Estudios. Su amplia gama interpretativa va desde el complejo canto mapuche hasta la m\u00fasica del sal\u00f3n chileno en el siglo pasado. La Pontificia Universidad Cat\u00f3lica de Valpara\u00edso la distingui\u00f3 como Profesora Em\u00e9rita en 1998, mismo a\u00f1o en que se cre\u00f3 en la misma universidad el Fondo de Investigaci\u00f3n y Documentaci\u00f3n de la M\u00fasica Tradicional Chilena Margot Loyola Palacios, el que seg\u00fan palabras de la propia folclorista, es \u201cvalios\u00edsimo y \u00fanico en Chile\u201d. Su labor se vio truncada por \u00fanica vez con el Golpe de Estado de 1973, poco despu\u00e9s de editar Canciones del 900 (1972), disco en colaboraci\u00f3n con Luis Advis. Reci\u00e9n en 1975 la folclorista pudo comenzar a retomar su antiguo ritmo de trabajo, encontrando en el programa televisivo \u201cChilenazo\u201d un inesperado lugar de acogida que le permiti\u00f3 reanudar lo que hab\u00eda quedado interrumpido en \u201cRecorriendo Chile\u201c, su primer espacio en Televisi\u00f3n Nacional. Su rostro se fue haciendo familiar para la teleaudiencia chilena y su nombre qued\u00f3 inscrito para siempre como el de una figura mayor de nuestra m\u00fasica. Fue por eso completamente natural que Loyola recibiera en 1994 el Premio Nacional de Artes Musicales. El 2006 fue investida con el grado de Doctora Honoris Causa por la Pontificia Universidad Cat\u00f3lica de Valpara\u00edso, donde se cre\u00f3 el Fondo Margot Loyola, que se ha transformado en uno de los archivos m\u00e1s importantes de Chile por el car\u00e1cter de sus bienes culturales, que abarcan desde documentos sonoros de todo tipo hasta manuscritos, rollos de autopiano, partituras y fotograf\u00edas, todos relacionados con la m\u00fasica de tradici\u00f3n oral chilena. De su vasto legado bibliogr\u00e1fico-musical se destacan \u201cVisi\u00f3n musical de Chile\u201d (1980), \u201cBailes de Tierra en Chile\u201d (1980), \u201cSiempre Margot\u2026\u201d (1984), \u201cEl folklore de Chile\u201d (1990), \u201cIsla de Pascua: geograf\u00eda musical de Chile\u201d (1990), \u201cEl couple\u201d (1990), \u201cEl cachimbo: danza tarapaque\u00f1a de pueblos y quebradas\u201d (1994), \u201cVoces del Maule\u201d (1994), \u201c21 temas del folclor\u201d (1998), \u201cLa zamacueca\u201d (1999), \u201cLegado musical in\u00e9dito de un Premio Nacional de Arte\u201d (2001), \u201cLa Tonada: testimonios para el futuro\u201d (2006), \u201cOtras voces en mi voz\u201d (2010) y \u201cLa cueca: danza de la vida y de la muerte\u201d (2010). Junto con Violeta Parra y Gabriela Pizarro, es considerada una de las tres investigadoras esenciales del folclore de Chile. Durante el 2014 present\u00f3 su \u00faltimo libro: \u201c50 danzas tradicionales y populares de Chile\u201d, el cual realiz\u00f3 junto a Osvaldo C\u00e1diz, en una ceremonia que cont\u00f3 con la presencia de la Presidenta de la Rep\u00fablica, Michelle Bachelet. La publicaci\u00f3n fue realizada bajo el sello de Ediciones Universitarias de Valpara\u00edso de la PUCV. Tras su muerte, el 3 de agosto de 2015, el gobierno de Chile decret\u00f3 dos d\u00edas de duelo oficial. Su residencia, por mucho a\u00f1os, estuvo en la comuna de \u00d1u\u00f1oa, espec\u00edficamente en la calle Exequiel Fern\u00e1ndez. Ana Margot Loyola Palacios M\u00fasico, cantante, pianista, compositor de canciones y guitarrista<\/p>\n","protected":false},"author":1,"featured_media":1215,"comment_status":"closed","ping_status":"closed","sticky":false,"template":"","format":"standard","meta":{"_uag_custom_page_level_css":"","footnotes":""},"categories":[50,43,48],"tags":[],"class_list":["post-2563","post","type-post","status-publish","format-standard","has-post-thumbnail","hentry","category-memoria","category-patrimonio","category-vecinos_ilustres"],"uagb_featured_image_src":{"full":["https:\/\/nunoa.cl\/nunoapatrimonial\/wp-content\/uploads\/2022\/08\/m-loyola.jpg",1280,622,false],"thumbnail":["https:\/\/nunoa.cl\/nunoapatrimonial\/wp-content\/uploads\/2022\/08\/m-loyola-150x150.jpg",150,150,true],"medium":["https:\/\/nunoa.cl\/nunoapatrimonial\/wp-content\/uploads\/2022\/08\/m-loyola-300x146.jpg",300,146,true],"medium_large":["https:\/\/nunoa.cl\/nunoapatrimonial\/wp-content\/uploads\/2022\/08\/m-loyola-768x373.jpg",768,373,true],"large":["https:\/\/nunoa.cl\/nunoapatrimonial\/wp-content\/uploads\/2022\/08\/m-loyola-1024x498.jpg",1024,498,true],"1536x1536":["https:\/\/nunoa.cl\/nunoapatrimonial\/wp-content\/uploads\/2022\/08\/m-loyola.jpg",1280,622,false],"2048x2048":["https:\/\/nunoa.cl\/nunoapatrimonial\/wp-content\/uploads\/2022\/08\/m-loyola.jpg",1280,622,false],"appart_350x360":["https:\/\/nunoa.cl\/nunoapatrimonial\/wp-content\/uploads\/2022\/08\/m-loyola-350x360.jpg",350,360,true],"appart_350x400":["https:\/\/nunoa.cl\/nunoapatrimonial\/wp-content\/uploads\/2022\/08\/m-loyola-350x400.jpg",350,400,true],"appart_80x80":["https:\/\/nunoa.cl\/nunoapatrimonial\/wp-content\/uploads\/2022\/08\/m-loyola-80x80.jpg",80,80,true],"appart_570x340":["https:\/\/nunoa.cl\/nunoapatrimonial\/wp-content\/uploads\/2022\/08\/m-loyola-570x340.jpg",570,340,true],"appart_100x80":["https:\/\/nunoa.cl\/nunoapatrimonial\/wp-content\/uploads\/2022\/08\/m-loyola-100x80.jpg",100,80,true],"appart_750x400":["https:\/\/nunoa.cl\/nunoapatrimonial\/wp-content\/uploads\/2022\/08\/m-loyola-750x400.jpg",750,400,true],"alm-thumbnail":["https:\/\/nunoa.cl\/nunoapatrimonial\/wp-content\/uploads\/2022\/08\/m-loyola.jpg",150,73,false]},"uagb_author_info":{"display_name":"ADMIN","author_link":"https:\/\/nunoa.cl\/nunoapatrimonial\/author\/admin\/"},"uagb_comment_info":0,"uagb_excerpt":"&#8220;C\u00f3mo quisiera estar yo a la altura de las cantoras\u2026&#8221; Margot Loyola Ana Margot Loyola Palacios naci\u00f3 en Linares el 15 de septiembre de 1918, entre galleros, cantoras y otras tradiciones campesinas. Desde muy ni\u00f1a quiso ser artista. A pesar de una infancia marcada por sus clases de piano, su participaci\u00f3n en las escuelas de&hellip;","_links":{"self":[{"href":"https:\/\/nunoa.cl\/nunoapatrimonial\/wp-json\/wp\/v2\/posts\/2563","targetHints":{"allow":["GET"]}}],"collection":[{"href":"https:\/\/nunoa.cl\/nunoapatrimonial\/wp-json\/wp\/v2\/posts"}],"about":[{"href":"https:\/\/nunoa.cl\/nunoapatrimonial\/wp-json\/wp\/v2\/types\/post"}],"author":[{"embeddable":true,"href":"https:\/\/nunoa.cl\/nunoapatrimonial\/wp-json\/wp\/v2\/users\/1"}],"replies":[{"embeddable":true,"href":"https:\/\/nunoa.cl\/nunoapatrimonial\/wp-json\/wp\/v2\/comments?post=2563"}],"version-history":[{"count":0,"href":"https:\/\/nunoa.cl\/nunoapatrimonial\/wp-json\/wp\/v2\/posts\/2563\/revisions"}],"wp:featuredmedia":[{"embeddable":true,"href":"https:\/\/nunoa.cl\/nunoapatrimonial\/wp-json\/wp\/v2\/media\/1215"}],"wp:attachment":[{"href":"https:\/\/nunoa.cl\/nunoapatrimonial\/wp-json\/wp\/v2\/media?parent=2563"}],"wp:term":[{"taxonomy":"category","embeddable":true,"href":"https:\/\/nunoa.cl\/nunoapatrimonial\/wp-json\/wp\/v2\/categories?post=2563"},{"taxonomy":"post_tag","embeddable":true,"href":"https:\/\/nunoa.cl\/nunoapatrimonial\/wp-json\/wp\/v2\/tags?post=2563"}],"curies":[{"name":"wp","href":"https:\/\/api.w.org\/{rel}","templated":true}]}}